{"id":1162,"date":"2015-08-21T11:55:07","date_gmt":"2015-08-21T11:55:07","guid":{"rendered":"https:\/\/blog.vera.es\/cultura\/?p=1162"},"modified":"2020-01-23T12:37:29","modified_gmt":"2020-01-23T12:37:29","slug":"entrevista-a-emilio-alonso-ramirez-comestibles-emilio-tercera-generacion-de-comerciantes-en-vera","status":"publish","type":"post","link":"https:\/\/blog.vera.es\/cultura\/2015\/08\/21\/entrevista-a-emilio-alonso-ramirez-comestibles-emilio-tercera-generacion-de-comerciantes-en-vera\/","title":{"rendered":"ENTREVISTA A EMILIO ALONSO RAM\u00cdREZ. COMESTIBLES EMILIO. TERCERA GENERACI\u00d3N DE COMERCIANTES EN VERA"},"content":{"rendered":"<p style=\"text-align: left\" align=\"center\">Entrevista realizada a Emilio Alonso N\u00fa\u00f1ez sobre el comercio en Vera. Se anexa unas notas tomadas por Bartolom\u00e9 Contreras Segura sobre el comercio tras investigar en en Archivo Municipal de Vera.<\/p>\n<p align=\"center\"><!--more--><\/p>\n<p align=\"center\"><a href=\"https:\/\/blog.vera.es\/cultura\/wp-content\/uploads\/sites\/2\/2015\/08\/IMG_81191.jpg\"><img fetchpriority=\"high\" decoding=\"async\" class=\"alignnone size-medium wp-image-4329\" src=\"https:\/\/blog.vera.es\/cultura\/wp-content\/uploads\/sites\/2\/2015\/08\/IMG_81191-224x300.jpg\" alt=\"\" width=\"224\" height=\"300\" srcset=\"https:\/\/blog.vera.es\/cultura\/wp-content\/uploads\/sites\/2\/2015\/08\/IMG_81191-224x300.jpg 224w, https:\/\/blog.vera.es\/cultura\/wp-content\/uploads\/sites\/2\/2015\/08\/IMG_81191-768x1028.jpg 768w, https:\/\/blog.vera.es\/cultura\/wp-content\/uploads\/sites\/2\/2015\/08\/IMG_81191-765x1024.jpg 765w, https:\/\/blog.vera.es\/cultura\/wp-content\/uploads\/sites\/2\/2015\/08\/IMG_81191.jpg 1936w\" sizes=\"(max-width: 224px) 100vw, 224px\" \/><\/a><\/p>\n<p class=\"western\" align=\"center\"><span style=\"font-size: x-large\"><u>ENTREVISTA A EMILIO ALONSO N\u00da\u00d1EZ. <\/u><\/span><\/p>\n<p class=\"western\" align=\"center\"><span style=\"font-size: x-large\"><u>DE COMESTIBLES EMILIO.<\/u><\/span><\/p>\n<p class=\"western\" align=\"center\"><span style=\"font-size: x-large\"><u>TERCERA GENERACION DE COMERCIANTES EN VERA<\/u><\/span><\/p>\n<ul>\n<li>\n<p class=\"western\"><span style=\"font-family: Times New Roman, serif\"><span style=\"font-size: medium\">\u00bfPodr\u00edas contarnos qui\u00e9n comenz\u00f3 el negocio de alimentaci\u00f3n en Vera y qui\u00e9nes fueron sus sucesores? <\/span><\/span><\/p>\n<\/li>\n<\/ul>\n<p class=\"western\"><span style=\"font-family: Times New Roman, serif\"><span style=\"font-size: medium\"><b>R.- El comercio de alimentaci\u00f3n en nuestra familia, lo comenzaron mi abuelo Emilio Alonso Molina y mi abuela Julia CAPARR\u00d3S Oliva, pero ellos s\u00ed que hicieron otro tipo de comercio, un comercio familiar, cercano al pueblo.<\/b><\/span><\/span><\/p>\n<p class=\"western\"><span style=\"font-family: Times New Roman, serif\"><span style=\"font-size: medium\"><b>Eran tiempos muy dif\u00edciles, de precariedad econ\u00f3mica.<\/b><\/span><\/span><\/p>\n<p class=\"western\"><span style=\"font-family: Times New Roman, serif\"><span style=\"font-size: medium\"><b>Mi abuelo era una persona emprendedora, aunque no ten\u00eda muchos recursos. Mi abuela Julia s\u00ed que ven\u00eda de una familia adinerada. Entre los dos, levantaron este negocio que perdura ya desde hace tres generaciones.<\/b><\/span><\/span><\/p>\n<p class=\"western\"><span style=\"font-family: Times New Roman, serif\"><span style=\"font-size: medium\"><b>Pese a la dificultad de aquellos a\u00f1os en que la econom\u00eda familiar era muy escasa en recursos, donde las familias se llevaban a \u201ccr\u00e9dito\u201d del establecimiento, y donde se apuntaban en las cuentas de la tienda, lo que las familias iban retirando de su consumo. Cuando el jornal semanal era de 26 duros y una peseta.<\/b><\/span><\/span><\/p>\n<p class=\"western\"><span style=\"font-family: Times New Roman, serif\"><span style=\"font-size: medium\"><b>Ellos hicieron un tipo de comercio donde se daba cr\u00e9dito a las familias y se apuntaban en cuenta para liquidar el importe del consumo familiar, cuando se cobraban los jornales, que eran los s\u00e1bados.<\/b><\/span><\/span><\/p>\n<p class=\"western\"><span style=\"font-family: Times New Roman, serif\"><span style=\"font-size: medium\"><b>Este tipo de transacciones econ\u00f3micas hoy en d\u00eda ya se han perdido, salvo escasas excepciones.<\/b><\/span><\/span><\/p>\n<p class=\"western\"><span style=\"font-family: Times New Roman, serif\"><span style=\"font-size: medium\"><b>El comercio familiar, ya no puede subvencionar este tipo de trato personal con sus conciudadanos. Las grandes empresas est\u00e1n acabando con este establecimiento, que te conoce desde ni\u00f1o, y que conoce a tus padres y las vicisitudes familiares por las que atraviesas. El mundo econ\u00f3mico en el que vivimos las ha maltratado mucho.<\/b><\/span><\/span><\/p>\n<p class=\"western\"><span style=\"font-family: Times New Roman, serif\"><span style=\"font-size: medium\">Emilio, despu\u00e9s de investigar los datos que tenemos de la \u00e9poca de los a\u00f1os 20, he elaborado una lista de contribuyentes, que entonces pagaban tributos de Contribuci\u00f3n. Estos datos se corresponden al a\u00f1o 1925-1926.<\/span><\/span><\/p>\n<p class=\"western\"><span style=\"font-family: Times New Roman, serif\"><span style=\"font-size: medium\">Con ellos podemos tener una imagen de aquella Vera, donde tus abuelos tuvieron que enfrentarse con sus esfuerzos para levantar su negocio.<\/span><\/span><\/p>\n<p><a href=\"https:\/\/blog.vera.es\/cultura\/wp-content\/uploads\/sites\/2\/2015\/08\/LISTA-COBRATORIA-RECORTADA-1.jpg\"><img decoding=\"async\" class=\"alignnone size-medium wp-image-4330\" src=\"https:\/\/blog.vera.es\/cultura\/wp-content\/uploads\/sites\/2\/2015\/08\/LISTA-COBRATORIA-RECORTADA-1-240x300.jpg\" alt=\"\" width=\"240\" height=\"300\" srcset=\"https:\/\/blog.vera.es\/cultura\/wp-content\/uploads\/sites\/2\/2015\/08\/LISTA-COBRATORIA-RECORTADA-1-240x300.jpg 240w, https:\/\/blog.vera.es\/cultura\/wp-content\/uploads\/sites\/2\/2015\/08\/LISTA-COBRATORIA-RECORTADA-1-768x960.jpg 768w, https:\/\/blog.vera.es\/cultura\/wp-content\/uploads\/sites\/2\/2015\/08\/LISTA-COBRATORIA-RECORTADA-1-820x1024.jpg 820w, https:\/\/blog.vera.es\/cultura\/wp-content\/uploads\/sites\/2\/2015\/08\/LISTA-COBRATORIA-RECORTADA-1.jpg 850w\" sizes=\"(max-width: 240px) 100vw, 240px\" \/><\/a><\/p>\n<p class=\"western\" align=\"center\"><span style=\"font-family: Bodoni MT, serif\"><span style=\"font-size: xx-large\"><b>CONTRIBUCION INDUSTRIAL<\/b><\/span><\/span><\/p>\n<p class=\"western\" align=\"center\"><span style=\"font-family: Bodoni MT, serif\"><span style=\"font-size: large\"><u><b>Provincia de Almer\u00eda Termino municipal de Vera<\/b><\/u><\/span><\/span><\/p>\n<p class=\"western\"><span style=\"font-family: Bodoni MT, serif\"><span style=\"font-size: medium\"><i><u><b>A\u00d1O 1925 A 1926<\/b><\/u><\/i><\/span><\/span><span style=\"font-family: Bodoni MT, serif\"><span style=\"font-size: medium\"><i><b> 7\u00aa BASE DE POBLACION<\/b><\/i><\/span><\/span><\/p>\n<p class=\"western\" align=\"center\"><span style=\"font-family: Bodoni MT, serif\"><span style=\"font-size: xx-large\"><b>LISTA COBRATORIA<\/b><\/span><\/span><\/p>\n<p class=\"western\" align=\"center\"><span style=\"font-family: Bodoni MT, serif\"><span style=\"font-size: xx-large\"><b>O<\/b><\/span><\/span><\/p>\n<p class=\"western\" align=\"center\"><span style=\"font-family: Bodoni MT, serif\"><span style=\"font-size: xx-large\"><b>FACTURA<\/b><\/span><\/span><\/p>\n<p class=\"western\" align=\"center\"><span style=\"font-family: Bodoni MT, serif\"><span style=\"font-size: medium\">De los recibos talonarios que se acompa\u00f1an para certificar la cobranza de los contribuyentes de este t\u00e9rmino municipal, comprendidos en la matr\u00edcula formada<\/span><\/span><\/p>\n<p class=\"western\" align=\"center\"><span style=\"font-family: Bodoni MT, serif\"><span style=\"font-size: medium\">En el expresado a\u00f1o<\/span><\/span><\/p>\n<p class=\"western\" align=\"center\"><span style=\"font-family: Bodoni MT, serif\"><span style=\"font-size: medium\">Cuotas (1) \u2026\u2026\u2026\u2026\u2026\u2026\u2026\u2026\u2026\u2026.pesetas<\/span><\/span><\/p>\n<p class=\"western\"><span style=\"font-family: Book Antiqua, serif\"><span style=\"font-size: medium\"><b>TARIFA 1\u00aa<\/b><\/span><\/span><\/p>\n<p class=\"western\"><span style=\"font-family: Book Antiqua, serif\"><span style=\"font-size: medium\"><b>CLASE 1\u00aa<\/b><\/span><\/span><\/p>\n<p class=\"western\"><span style=\"font-family: Book Antiqua, serif\"><span style=\"font-size: medium\">1.- CAPARR\u00d3S PASTOR DIEGO.- TEJIDOS POR MAYOR<\/span><\/span><\/p>\n<p class=\"western\"><span style=\"font-family: Book Antiqua, serif\"><span style=\"font-size: medium\">2.- G\u00d3MEZ CERVANTES ANDR\u00c9S.- TEJIDOS POR MAYOR<\/span><\/span><\/p>\n<p class=\"western\"><span style=\"font-family: Book Antiqua, serif\"><span style=\"font-size: medium\"><b>4\u00aa CLASE<\/b><\/span><\/span><\/p>\n<p class=\"western\"><span style=\"font-family: Book Antiqua, serif\"><span style=\"font-size: medium\">3.- SOLER TORRES DIEGO.- FERRETER\u00cdA<\/span><\/span><\/p>\n<p class=\"western\"><span style=\"font-family: Book Antiqua, serif\"><span style=\"font-size: medium\"><b>CLASE 4\u00aa BIS<\/b><\/span><\/span><\/p>\n<p class=\"western\"><span style=\"font-family: Book Antiqua, serif\"><span style=\"font-size: medium\">4.- RAM\u00cdREZ GARRIDO DIEGO.- TEJIDOS POR MENOR<\/span><\/span><\/p>\n<p class=\"western\"><span style=\"font-family: Book Antiqua, serif\"><span style=\"font-size: medium\"><b>CLASE 5\u00aa <\/b><\/span><\/span><\/p>\n<p class=\"western\"><span style=\"font-family: Book Antiqua, serif\"><span style=\"font-size: medium\">5.- GARC\u00cdA MART\u00cdN FRANCISCO.- DROGAS<\/span><\/span><\/p>\n<p class=\"western\"><span style=\"font-family: Book Antiqua, serif\"><span style=\"font-size: medium\"><b>CLASE 6\u00aa<\/b><\/span><\/span><\/p>\n<p class=\"western\"><span style=\"font-family: Book Antiqua, serif\"><span style=\"font-size: medium\">6.- MORATA RODR\u00cdGUEZ ANTONIO.- QUINCALLA<\/span><\/span><\/p>\n<p class=\"western\"><span style=\"font-family: Book Antiqua, serif\"><span style=\"font-size: medium\">7.- FERN\u00c1NDEZ MART\u00cdNEZ JOS\u00c9.- QUINCALLA<\/span><\/span><\/p>\n<p class=\"western\"><span style=\"font-family: Book Antiqua, serif\"><span style=\"font-size: medium\"><b>CLASE 8\u00aa<\/b><\/span><\/span><\/p>\n<p class=\"western\"><span style=\"font-family: Book Antiqua, serif\"><span style=\"font-size: medium\">8.- HARO CARMONA JUAN.- ULTRAMARINOS<\/span><\/span><\/p>\n<p class=\"western\"><span style=\"font-family: Book Antiqua, serif\"><span style=\"font-size: medium\"><b>CLASE 9\u00aa<\/b><\/span><\/span><\/p>\n<p class=\"western\"><span style=\"font-family: Book Antiqua, serif\"><span style=\"font-size: medium\">9.- EGEA PERONA FRANCISCO.- ACEITE MINERAL<\/span><\/span><\/p>\n<p class=\"western\"><span style=\"font-family: Book Antiqua, serif\"><span style=\"font-size: medium\">10.- SOLER TORRES DIEGO.- HARINAS POR MENOR<\/span><\/span><\/p>\n<p class=\"western\"><span style=\"font-family: Book Antiqua, serif\"><span style=\"font-size: medium\">11.- GARC\u00cdA MART\u00cdNEZ ANDR\u00c9S.- HARINAS POR MENOR<\/span><\/span><\/p>\n<p class=\"western\"><span style=\"font-family: Book Antiqua, serif\"><span style=\"font-size: medium\">12.- ALCAL\u00c1 NAVARRO ROSA.- HARINAS POR MENOR<\/span><\/span><\/p>\n<p class=\"western\"><span style=\"font-family: Book Antiqua, serif\"><span style=\"font-size: medium\">13.- SIM\u00d3N CARRETERO GIN\u00c9S.- COMESTIBLES<\/span><\/span><\/p>\n<p class=\"western\"><span style=\"font-family: Book Antiqua, serif\"><span style=\"font-size: medium\">14.- CRISTINA CAPARR\u00d3S MU\u00d1OZ.- COMESTIBLES<\/span><\/span><\/p>\n<p class=\"western\"><span style=\"font-family: Book Antiqua, serif\"><span style=\"font-size: medium\">15.- MART\u00cdNEZ MU\u00d1OZ GUILLERMO.- COMESTIBLES<\/span><\/span><\/p>\n<p class=\"western\"><span style=\"font-family: Book Antiqua, serif\"><span style=\"font-size: medium\">16.- SOLER SOLER JOS\u00c9.- COMESTIBLES<\/span><\/span><\/p>\n<p class=\"western\"><span style=\"font-family: Book Antiqua, serif\"><span style=\"font-size: medium\">17.- CAPARR\u00d3S GARC\u00cdA MANUEL.- COMESTIBLES<\/span><\/span><\/p>\n<p class=\"western\"><span style=\"font-family: Book Antiqua, serif\"><span style=\"font-size: medium\">18.- RAM\u00cdREZ BALLESTEROS DIEGO.- COMESTIBLES<\/span><\/span><\/p>\n<p class=\"western\"><span style=\"font-family: Book Antiqua, serif\"><span style=\"font-size: medium\"><b>CLASE 9\u00aa<\/b><\/span><\/span><\/p>\n<p class=\"western\"><span style=\"font-family: Book Antiqua, serif\"><span style=\"font-size: medium\">19.- CLEMENTE FLORES ANTONIO.- TABERNA<\/span><\/span><\/p>\n<p class=\"western\"><span style=\"font-family: Book Antiqua, serif\"><span style=\"font-size: medium\">20.- CANO P\u00c9REZ LUIS.- TABERNA<\/span><\/span><\/p>\n<p class=\"western\"><span style=\"font-family: Book Antiqua, serif\"><span style=\"font-size: medium\">21.- BARAZA PINAR ANTONIO.- TABERNA<\/span><\/span><\/p>\n<p class=\"western\"><span style=\"font-family: Book Antiqua, serif\"><span style=\"font-size: medium\">22.- BARAZA PINAR BARTOLOM\u00c9.- TABERNA<\/span><\/span><\/p>\n<p class=\"western\"><span style=\"font-family: Book Antiqua, serif\"><span style=\"font-size: medium\">23.- N\u00da\u00d1EZ MART\u00cdNEZ DIEGO.- TABERNA<\/span><\/span><\/p>\n<p class=\"western\"><span style=\"font-family: Book Antiqua, serif\"><span style=\"font-size: medium\">24<\/span><\/span><span style=\"font-family: Book Antiqua, serif\"><span style=\"font-size: medium\">.- SEGURA<\/span><\/span><span style=\"font-family: Book Antiqua, serif\"><span style=\"font-size: medium\"> NAVARRO FRANCISCO.- TABERNA<\/span><\/span><\/p>\n<p class=\"western\"><span style=\"font-family: Book Antiqua, serif\"><span style=\"font-size: medium\">25.- CARMONA GARRIDO M\u00aa ANTONIA<\/span><\/span><\/p>\n<p class=\"western\"><span style=\"font-family: Book Antiqua, serif\"><span style=\"font-size: medium\">26.- CAPARR\u00d3S OROZCO JOSE.- TABERNA<\/span><\/span><\/p>\n<p class=\"western\"><span style=\"font-family: Book Antiqua, serif\"><span style=\"font-size: medium\"><b>CLASE 11\u00aa<\/b><\/span><\/span><\/p>\n<p class=\"western\"><span style=\"font-family: Book Antiqua, serif\"><span style=\"font-size: medium\">27.- SOLER SOLER FRANCISCO.- ABACER\u00cdA [tienda de comestibles]<\/span><\/span><\/p>\n<p class=\"western\"><span style=\"font-family: Book Antiqua, serif\"><span style=\"font-size: medium\">28.- GALLARDO HARO DIEGO.- ABACER\u00cdA<\/span><\/span><\/p>\n<p class=\"western\"><span style=\"font-family: Book Antiqua, serif\"><span style=\"font-size: medium\"><b>CLASE 11\u00aa BIS<\/b><\/span><\/span><\/p>\n<p class=\"western\"><span style=\"font-family: Book Antiqua, serif\"><span style=\"font-size: medium\">29.- MARCILLO GUIRADO BERNAB\u00c9.- BOLLER\u00cdA <\/span><\/span><\/p>\n<p class=\"western\"><span style=\"font-family: Book Antiqua, serif\"><span style=\"font-size: medium\"><b>CLASE 12\u00aa<\/b><\/span><\/span><\/p>\n<p class=\"western\"><span style=\"font-family: Book Antiqua, serif\"><span style=\"font-size: medium\">30.- FRANCISCO SEGURA HARO.- CAF\u00c9 ECON\u00d3MICO<\/span><\/span><\/p>\n<p class=\"western\"><span style=\"font-family: Book Antiqua, serif\"><span style=\"font-size: medium\">31.- GALINDO GEREZ JOS\u00c9.- CAF\u00c9 ECON\u00d3MICO<\/span><\/span><\/p>\n<p class=\"western\"><span style=\"font-family: Book Antiqua, serif\"><span style=\"font-size: medium\">32.- C\u00c1NOVAS GEREZ FRANCISCO.- CAF\u00c9 ECON\u00d3MICO<\/span><\/span><\/p>\n<p class=\"western\"><span style=\"font-family: Book Antiqua, serif\"><span style=\"font-size: medium\">33.- SEGURA REYES RAM\u00d3N.- CAF\u00c9 ECON\u00d3MICO<\/span><\/span><\/p>\n<p class=\"western\"><span style=\"font-family: Book Antiqua, serif\"><span style=\"font-size: medium\">34.- SEGURA RAMOS JUAN.- <\/span><\/span><span style=\"font-family: Book Antiqua, serif\"><span style=\"font-size: medium\">CASA PUPILOS<\/span><\/span><\/p>\n<p class=\"western\"><span style=\"font-family: Book Antiqua, serif\"><span style=\"font-size: medium\">35.- GEREZ GIM\u00c9NEZ GASPAR.- TABERNA FUERA DEL CASCO DE LA POBLACI\u00d3N<\/span><\/span><\/p>\n<p class=\"western\"><span style=\"font-family: Book Antiqua, serif\"><span style=\"font-size: medium\">36.- N\u00da\u00d1EZ MART\u00cdNEZ CRIST\u00d3BAL.- ACEITE Y VINAGRE<\/span><\/span><\/p>\n<p class=\"western\"><span style=\"font-family: Book Antiqua, serif\"><span style=\"font-size: medium\">37.- RAM\u00cdREZ SALAS ANTONIO.- ACEITE Y VINAGRE<\/span><\/span><\/p>\n<p class=\"western\"><span style=\"font-family: Book Antiqua, serif\"><span style=\"font-size: medium\">38.- RAM\u00cdREZ GARRIDO DIEGO.- ACEITE Y VINAGRE<\/span><\/span><\/p>\n<p class=\"western\"><span style=\"font-family: Book Antiqua, serif\"><span style=\"font-size: medium\">39.- L\u00d3PEZ MART\u00cdNEZ PASCUAL.- ACEITE Y VINAGRE<\/span><\/span><\/p>\n<p class=\"western\"><span style=\"font-family: Book Antiqua, serif\"><span style=\"font-size: medium\">40.- ALCAL\u00c1 NAVARRO ROSA.- VENTA CORDELES Y SOGAS<\/span><\/span><\/p>\n<p class=\"western\"><span style=\"font-family: Book Antiqua, serif\"><span style=\"font-size: medium\">41.- GALLARDO CARRETERO ANTONIO.- VENTA CORDELES Y SOGAS<\/span><\/span><\/p>\n<p class=\"western\"><span style=\"font-family: Book Antiqua, serif\"><span style=\"font-size: medium\"><b>TARIFA 2\u00aa <\/b><\/span><\/span><\/p>\n<p class=\"western\"><span style=\"font-family: Book Antiqua, serif\"><span style=\"font-size: medium\">42.- CARMONA FERRER MIGUEL.- COCHE 4 RUEDAS UNA CABALLER\u00cdA<\/span><\/span><\/p>\n<p class=\"western\"><span style=\"font-family: Book Antiqua, serif\"><span style=\"font-size: medium\">43.- HARO CARMONA D. NICANOR.- DOS AUTOM\u00d3VILES SERVICIO P\u00daBLICO SIN ITINERARIO FIJO<\/span><\/span><\/p>\n<p class=\"western\"><span style=\"font-family: Book Antiqua, serif\"><span style=\"font-size: medium\">44.- MU\u00d1OZ N\u00da\u00d1EZ FRANCISCO.- UN COCHE SERVICIO P\u00daBLICO SIN ITINERARIO FIJO<\/span><\/span><\/p>\n<p class=\"western\"><span style=\"font-family: Book Antiqua, serif\"><span style=\"font-size: medium\">45.- SOLER SOLER ALONSO.- UN COCHE SERVICIO P\u00daBLICO SIN ITINERARIO FIJO<\/span><\/span><\/p>\n<p class=\"western\"><span style=\"font-family: Book Antiqua, serif\"><span style=\"font-size: medium\">46.- BALLESTEROS TORRES ANTONIA.- UN COCHE SERVICIO P\u00daBLICO SIN ITINERARIO FIJO<\/span><\/span><\/p>\n<p class=\"western\"><span style=\"font-family: Book Antiqua, serif\"><span style=\"font-size: medium\">47.- CAPARR\u00d3S BERRUEZO CRIST\u00d3BAL.- UN COCHE 18 CABALLOS<\/span><\/span><\/p>\n<p class=\"western\"><span style=\"font-family: Book Antiqua, serif\"><span style=\"font-size: medium\">48.- N\u00da\u00d1EZ CORT\u00c9S FRANCISCO.- UN COCHE AUTOM\u00d3VIL<\/span><\/span><\/p>\n<p class=\"western\"><span style=\"font-family: Book Antiqua, serif\"><span style=\"font-size: medium\">49.- CAPARR\u00d3S BERRUEZO CRIST\u00d3BAL.- UN COCHE AUTOM\u00d3VIL<\/span><\/span><\/p>\n<p class=\"western\"><span style=\"font-family: Book Antiqua, serif\"><span style=\"font-size: medium\">50.- HERN\u00c1NDEZ MELLADO SALVADOR.- DOS COCHES AUTOM\u00d3VIL <\/span><\/span><\/p>\n<p class=\"western\"><span style=\"font-family: Book Antiqua, serif\"><span style=\"font-size: medium\">51.- N\u00da\u00d1EZ BALLESTEROS BARTOLOM\u00c9.- UN COCHE AUTOM\u00d3VIL <\/span><\/span><\/p>\n<p class=\"western\"><span style=\"font-family: Book Antiqua, serif\"><span style=\"font-size: medium\">52.- MART\u00cdNEZ L\u00d3PEZ JOS\u00c9.- UN COCHE AUTOM\u00d3VIL <\/span><\/span><\/p>\n<p class=\"western\"><span style=\"font-family: Book Antiqua, serif\"><span style=\"font-size: medium\">53.- CAPARR\u00d3S G\u00d3MEZ PABLO.- TARTANA 2 RUEDAS UNA CABALLER\u00cdA ALQUILER<\/span><\/span><\/p>\n<p class=\"western\"><span style=\"font-family: Book Antiqua, serif\"><span style=\"font-size: medium\">54.- FERRER GALINDO FRANCISCO Y P\u00c9REZ MANUEL.- <\/span><\/span><span style=\"font-family: Book Antiqua, serif\"><span style=\"font-size: medium\">REVENTA ENERG\u00cdA EL\u00c9CTRICA<\/span><\/span><\/p>\n<p class=\"western\"><span style=\"font-family: Book Antiqua, serif\"><span style=\"font-size: medium\">55.- D\u00cdAZ N\u00da\u00d1EZ PEDRO.- DOS M\u00c1QUINAS\u2026\u2026\u2026..<\/span><\/span><\/p>\n<p class=\"western\"><span style=\"font-family: Book Antiqua, serif\"><span style=\"font-size: medium\">56.- FERN\u00c1NDEZ MULITERNO JOS\u00c9.- CINCO IL.1\u00ba 36 CENT. OBRA.<\/span><\/span><\/p>\n<p class=\"western\"><span style=\"font-family: Book Antiqua, serif\"><span style=\"font-size: medium\">57.- HERN\u00c1NDEZ GARRIDO RAM\u00d3N.- F\u00c1BRICA LADRILLO \u2026..<\/span><\/span><\/p>\n<p class=\"western\"><span style=\"font-family: Book Antiqua, serif\"><span style=\"font-size: medium\">58.- TORRES FERN\u00c1NDEZ PEDRO.- F\u00c1BRICA LADRILLO \u2026.<\/span><\/span><\/p>\n<p class=\"western\"><span style=\"font-family: Book Antiqua, serif\"><span style=\"font-size: medium\">59.- HERN\u00c1NDEZ FERN\u00c1NDEZ MIGUEL.- F\u00c1BRICA LADRILLO\u2026.<\/span><\/span><\/p>\n<p class=\"western\"><span style=\"font-family: Book Antiqua, serif\"><span style=\"font-size: medium\">60.- CUADRADO RUIZ JUAN.- F\u00c1BRICA LOSETA HIDR\u00c1ULICA<\/span><\/span><\/p>\n<p class=\"western\"><span style=\"font-family: Book Antiqua, serif\"><span style=\"font-size: medium\">61.- FERN\u00c1NDEZ MU\u00d1OZ JOS\u00c9.- MOLINO FRESA 2 PIEDRAS<\/span><\/span><\/p>\n<p class=\"western\"><span style=\"font-family: Book Antiqua, serif\"><span style=\"font-size: medium\">62.- FERN\u00c1NDEZ MU\u00d1OZ JOS\u00c9.- 10 % FUERZA HIDR\u00c1ULICA<\/span><\/span><\/p>\n<p class=\"western\"><span style=\"font-family: Book Antiqua, serif\"><span style=\"font-size: medium\"><b>TARIFA 4\u00aa<\/b><\/span><\/span><\/p>\n<p class=\"western\" align=\"center\"><span style=\"font-family: Book Antiqua, serif\"><span style=\"font-size: medium\"><b>ORDEN JUDICIAL<\/b><\/span><\/span><\/p>\n<p class=\"western\"><span style=\"font-family: Book Antiqua, serif\"><span style=\"font-size: medium\">63.- MART\u00cdNEZ RODRIGUEZ JUAN.- ABOGADO<\/span><\/span><\/p>\n<p class=\"western\"><span style=\"font-family: Book Antiqua, serif\"><span style=\"font-size: medium\">64.- FLORES OROZCO FRANCISCO.- ABOGADO<\/span><\/span><\/p>\n<p class=\"western\"><span style=\"font-family: Book Antiqua, serif\"><span style=\"font-size: medium\">65.- FERRER GALINDO FRANCISCO.- ABOGADO<\/span><\/span><\/p>\n<p class=\"western\"><span style=\"font-family: Book Antiqua, serif\"><span style=\"font-size: medium\">66.- S\u00c1NCHEZ SICILIA Y GARC\u00cdA JOS\u00c9.- ABOGADO<\/span><\/span><\/p>\n<p class=\"western\"><span style=\"font-family: Book Antiqua, serif\"><span style=\"font-size: medium\">67.- ORTIZ L\u00d3PEZ JOS\u00c9.- SECRETARIO JUDICIAL<\/span><\/span><\/p>\n<p class=\"western\"><span style=\"font-family: Book Antiqua, serif\"><span style=\"font-size: medium\">68.- CARO PORTERO ALFONSO.- NOTARIO<\/span><\/span><\/p>\n<p class=\"western\"><span style=\"font-family: Book Antiqua, serif\"><span style=\"font-size: medium\">69.- PONCE P\u00c9REZ PEDRO.- NOTARIO<\/span><\/span><\/p>\n<p class=\"western\"><span style=\"font-family: Book Antiqua, serif\"><span style=\"font-size: medium\">70.- TORRES TORRES FRANCISCO.- PROCURADOR<\/span><\/span><\/p>\n<p class=\"western\"><span style=\"font-family: Book Antiqua, serif\"><span style=\"font-size: medium\">71.- BERRUEZO PONCE ISIDRO.- PROCURADOR<\/span><\/span><\/p>\n<p class=\"western\"><span style=\"font-family: Book Antiqua, serif\"><span style=\"font-size: medium\">72.- CERVANTES CAPARR\u00d3S ANTONIO.- PROCURADOR<\/span><\/span><\/p>\n<p class=\"western\" align=\"center\"><span style=\"font-family: Book Antiqua, serif\"><span style=\"font-size: medium\"><b>ORDEN CIVIL<\/b><\/span><\/span><\/p>\n<p class=\"western\"><span style=\"font-family: Book Antiqua, serif\"><span style=\"font-size: medium\">73.- LOPEZ GIMENEZ JUAN.- FARMAC\u00c9UTICO<\/span><\/span><\/p>\n<p class=\"western\"><span style=\"font-family: Book Antiqua, serif\"><span style=\"font-size: medium\">74.- GONZ\u00c1LEZ FERRER FRANCISCO.- VETERINARIO<\/span><\/span><\/p>\n<p class=\"western\" align=\"center\"><span style=\"font-family: Book Antiqua, serif\"><span style=\"font-size: medium\"><b>ARTES Y OFICIOS<\/b><\/span><\/span><\/p>\n<p class=\"western\"><span style=\"font-family: Book Antiqua, serif\"><span style=\"font-size: medium\"><b>CLASE 4\u00aa<\/b><\/span><\/span><\/p>\n<p class=\"western\"><span style=\"font-family: Book Antiqua, serif\"><span style=\"font-size: medium\">75.- RUIZ CRUZADO FRANCISCO.- FOT\u00d3GRAFO<\/span><\/span><\/p>\n<p class=\"western\"><span style=\"font-family: Book Antiqua, serif\"><span style=\"font-size: medium\"><b>CLASE 5\u00aa<\/b><\/span><\/span><\/p>\n<p class=\"western\"><span style=\"font-family: Book Antiqua, serif\"><span style=\"font-size: medium\">76.- BOLEA C\u00c9SPEDES FRANCISCO.- LITROGRAF\u00cdA<\/span><\/span><\/p>\n<p class=\"western\"><span style=\"font-family: Book Antiqua, serif\"><span style=\"font-size: medium\">77.- HARO TORRES FRANCISCO.- LITROGRAF\u00cdA<\/span><\/span><\/p>\n<p class=\"western\"><span style=\"font-family: Book Antiqua, serif\"><span style=\"font-size: medium\"><b>CLASE 7\u00aa<\/b><\/span><\/span><\/p>\n<p class=\"western\"><span style=\"font-family: Book Antiqua, serif\"><span style=\"font-size: medium\">78.- EGEA NAVARRO JUAN.- BARBER\u00cdA<\/span><\/span><\/p>\n<p class=\"western\"><span style=\"font-family: Book Antiqua, serif\"><span style=\"font-size: medium\">79.- SILVENTE CAPARR\u00d3S DOMINGO.- BARBER\u00cdA<\/span><\/span><\/p>\n<p class=\"western\"><span style=\"font-family: Book Antiqua, serif\"><span style=\"font-size: medium\">80.- JIM\u00c9NEZ RUBIO MIGUEL.- ALPARGATERO<\/span><\/span><\/p>\n<p class=\"western\"><span style=\"font-family: Book Antiqua, serif\"><span style=\"font-size: medium\">81.- SOLER GARC\u00cdA JOS\u00c9.- ALPARGATERO<\/span><\/span><\/p>\n<p class=\"western\"><span style=\"font-family: Book Antiqua, serif\"><span style=\"font-size: medium\">82.- RODR\u00cdGUEZ JIM\u00c9NEZ RAFAEL.- ALPARGATERO<\/span><\/span><\/p>\n<p class=\"western\"><span style=\"font-family: Book Antiqua, serif\"><span style=\"font-size: medium\">83.- CERVANTES LOPEZ DIEGO.- CONSTRUCTOR CARROS<\/span><\/span><\/p>\n<p class=\"western\"><span style=\"font-family: Book Antiqua, serif\"><span style=\"font-size: medium\">84.- GARC\u00cdA GARC\u00cdA DIEGO.- CONSTRUCTOR CARROS<\/span><\/span><\/p>\n<p class=\"western\"><span style=\"font-family: Book Antiqua, serif\"><span style=\"font-size: medium\">85.- FERN\u00c1NDEZ TORRES PEDRO.- CONSTRUCTOR CARROS<\/span><\/span><\/p>\n<p class=\"western\"><span style=\"font-family: Book Antiqua, serif\"><span style=\"font-size: medium\">86.- VIZCA\u00cdNO SEGURA JUAN.- HERRERO<\/span><\/span><\/p>\n<p class=\"western\"><span style=\"font-family: Book Antiqua, serif\"><span style=\"font-size: medium\">87.- RUIZ CRUZADO JOSEFA.- REFORMA SOMBREROS<\/span><\/span><\/p>\n<p class=\"western\"><span style=\"font-family: Book Antiqua, serif\"><span style=\"font-size: medium\">88.- CAPARR\u00d3S GALINDO ANTONIO.- VENTA DE PAN<\/span><\/span><\/p>\n<p class=\"western\"><span style=\"font-family: Book Antiqua, serif\"><span style=\"font-size: medium\">89.- N\u00da\u00d1EZ FERN\u00c1NDEZ JUAN.- VENTA DE PAN<\/span><\/span><\/p>\n<p class=\"western\"><span style=\"font-family: Book Antiqua, serif\"><span style=\"font-size: medium\">90.- RODR\u00cdGUEZ SOLER JOSEFA.- VENTA DE PAN<\/span><\/span><\/p>\n<p class=\"western\"><span style=\"font-family: Book Antiqua, serif\"><span style=\"font-size: medium\">91.- CAPARR\u00d3S GARC\u00cdA ANTONIO.- SASTRE<\/span><\/span><\/p>\n<p class=\"western\"><span style=\"font-family: Book Antiqua, serif\"><span style=\"font-size: medium\">92.- RODR\u00cdGUEZ GONZ\u00c1LEZ MIGUEL.- SASTRE<\/span><\/span><\/p>\n<p class=\"western\"><span style=\"font-family: Book Antiqua, serif\"><span style=\"font-size: medium\">93.- SALAS HARO ANTONIO.- SASTRE<\/span><\/span><\/p>\n<p class=\"western\"><span style=\"font-family: Book Antiqua, serif\"><span style=\"font-size: medium\">94.- MEN\u00c9NDEZ D\u00cdAZ ELVIRA.- ZAPATERO<\/span><\/span><\/p>\n<p class=\"western\"><span style=\"font-family: Book Antiqua, serif\"><span style=\"font-size: medium\">95.- FERRER GALINDO FRANCISCO.- <\/span><\/span><span style=\"font-family: Book Antiqua, serif\"><span style=\"font-size: medium\">INSTALADOR LUZ EL\u00c9CTRICA<\/span><\/span><\/p>\n<p class=\"western\"><span style=\"font-family: Book Antiqua, serif\"><span style=\"font-size: medium\"><b>TARIFA 5\u00aa<\/b><\/span><\/span><\/p>\n<p class=\"western\"><span style=\"font-family: Book Antiqua, serif\"><span style=\"font-size: medium\"><b>SECCION 1\u00aa CLASE 1\u00aa<\/b><\/span><\/span><\/p>\n<p class=\"western\"><span style=\"font-family: Book Antiqua, serif\"><span style=\"font-size: medium\">96.- HARO MORALES ANTONIO.- CASA DE HU\u00c9SPEDES<\/span><\/span><\/p>\n<p class=\"western\"><span style=\"font-family: Book Antiqua, serif\"><span style=\"font-size: medium\">97.- N\u00da\u00d1EZ SALAS ANTONIO.- CASA DE HU\u00c9SPEDES<\/span><\/span><\/p>\n<p class=\"western\"><span style=\"font-family: Book Antiqua, serif\"><span style=\"font-size: medium\">98.- RAMOS SALAS ANTONIO.- VENDEDOR CARNE FRESCA<\/span><\/span><\/p>\n<p class=\"western\"><span style=\"font-family: Book Antiqua, serif\"><span style=\"font-size: medium\">99.- RAMOS SALAS PEDRO.- VENDEDOR CARNE FRESCA<\/span><\/span><\/p>\n<p class=\"western\"><span style=\"font-family: Book Antiqua, serif\"><span style=\"font-size: medium\">100.- VIGUERAS S\u00c1NCHEZ ANTONIO.- VENDEDOR CARNE FRESCA<\/span><\/span><\/p>\n<p class=\"western\"><span style=\"font-family: Book Antiqua, serif\"><span style=\"font-size: medium\">101.- GARC\u00cdA SOLER BARTOLOM\u00c9.- VENTA CARNE FRESCA<\/span><\/span><\/p>\n<p class=\"western\"><span style=\"font-family: Book Antiqua, serif\"><span style=\"font-size: medium\">102.- BERRUEZO CARMONA JUAN.- VENTA TOCINO FRESCO Y SALADO<\/span><\/span><\/p>\n<p class=\"western\"><span style=\"font-family: Book Antiqua, serif\"><span style=\"font-size: medium\">103.- GARC\u00cdA SOLER ANTONIO.- VENTA TOCINO FRESCO Y SALADO<\/span><\/span><\/p>\n<p class=\"western\"><span style=\"font-family: Book Antiqua, serif\"><span style=\"font-size: medium\"><b>CLASE 2\u00aa<\/b><\/span><\/span><\/p>\n<p class=\"western\"><span style=\"font-family: Book Antiqua, serif\"><span style=\"font-size: medium\">104.- GARC\u00cdA GARC\u00cdA RODRIGO.- CHAMARILERO [comprador y vendedor de cosas viejas]<\/span><\/span><\/p>\n<p class=\"western\"><span style=\"font-family: Book Antiqua, serif\"><span style=\"font-size: medium\">105.- SOLER CAPARR\u00d3S FRANCISCO.- HORNO DE PAN COCER.<\/span><\/span><\/p>\n<p class=\"western\"><span style=\"font-family: Book Antiqua, serif\"><span style=\"font-size: medium\">106.- MART\u00cdNEZ CAPARR\u00d3S SALVAROR (TACHADO EN EL EXPEDIENTE).- FRUTAS<\/span><\/span><\/p>\n<p class=\"western\"><span style=\"font-family: Book Antiqua, serif\"><span style=\"font-size: medium\">107.- GARC\u00cdA TORRES MAR\u00cdA.- FRUTAS<\/span><\/span><\/p>\n<p class=\"western\"><span style=\"font-family: Book Antiqua, serif\"><span style=\"font-size: medium\">108.- CLEMENTE PEDROSA EUSEBIO.- FRUTAS<\/span><\/span><\/p>\n<p class=\"western\"><span style=\"font-family: Book Antiqua, serif\"><span style=\"font-size: medium\"><b>CLASE 3\u00aa<\/b><\/span><\/span><\/p>\n<p class=\"western\"><span style=\"font-family: Book Antiqua, serif\"><span style=\"font-size: medium\">109.- FERRER GALINDO FRANCISCO.- COBRADOR BOLSA Y EFECTOS DE PAGO<\/span><\/span><\/p>\n<p class=\"western\"><span style=\"font-family: Book Antiqua, serif\"><span style=\"font-size: medium\">110.- SOLER C\u00c9SPEDES JUAN.- COBRADOR DE BOLSA Y EFECTOS DE PAGO<\/span><\/span><\/p>\n<p class=\"western\"><span style=\"font-family: Book Antiqua, serif\"><span style=\"font-size: medium\">111.- L\u00d3PEZ BERRUEZO JUAN FRANCISCO.- COBRADOR DE BOLSA Y EFECTOS DE PAGO<\/span><\/span><\/p>\n<p class=\"western\"><span style=\"font-family: Book Antiqua, serif\"><span style=\"font-size: medium\">112.- L\u00d3PEZ CASTA\u00d1O SIM\u00d3N.- CORREDOR FINCAS<\/span><\/span><\/p>\n<p><a href=\"https:\/\/blog.vera.es\/cultura\/wp-content\/uploads\/sites\/2\/2015\/08\/Copia-productos-almerienses-1.jpg\"><img decoding=\"async\" class=\"alignnone size-medium wp-image-4328\" src=\"https:\/\/blog.vera.es\/cultura\/wp-content\/uploads\/sites\/2\/2015\/08\/Copia-productos-almerienses-1-300x180.jpg\" alt=\"\" width=\"300\" height=\"180\" srcset=\"https:\/\/blog.vera.es\/cultura\/wp-content\/uploads\/sites\/2\/2015\/08\/Copia-productos-almerienses-1-300x180.jpg 300w, https:\/\/blog.vera.es\/cultura\/wp-content\/uploads\/sites\/2\/2015\/08\/Copia-productos-almerienses-1-768x461.jpg 768w, https:\/\/blog.vera.es\/cultura\/wp-content\/uploads\/sites\/2\/2015\/08\/Copia-productos-almerienses-1.jpg 850w\" sizes=\"(max-width: 300px) 100vw, 300px\" \/><\/a><\/p>\n<ul>\n<li>\n<p class=\"western\"><span style=\"font-family: Times New Roman, serif\"><span style=\"font-size: medium\">Emilio retomando nuestra entrevista: \u00bfA qu\u00e9 a\u00f1o se remonta la apertura de la tienda de Comestibles Emilio?<\/span><\/span><\/p>\n<\/li>\n<\/ul>\n<p class=\"western\"><span style=\"font-family: Times New Roman, serif\"><span style=\"font-size: medium\"><b>R.- La apertura de la tienda era anterior al a\u00f1o 1925 pero mis abuelos, comenzaron a gestionarla despu\u00e9s de este a\u00f1o, aunque no tenemos una fecha exacta.<\/b><\/span><\/span><\/p>\n<ul>\n<li>\n<p class=\"western\"><span style=\"font-family: Times New Roman, serif\"><span style=\"font-size: medium\">\u00bfQu\u00e9 diferencias destacar\u00edas entre el comercio de ayer y el de hoy?<\/span><\/span><\/p>\n<\/li>\n<\/ul>\n<p class=\"western\"><span style=\"font-family: Times New Roman, serif\"><span style=\"font-size: medium\"><b>R.- Ayer el cliente quer\u00eda m\u00e1s calidad, buenos productos; hoy, el cliente busca los productos m\u00e1s baratos. <\/b><\/span><\/span><\/p>\n<ul>\n<li>\n<p class=\"western\"><span style=\"font-family: Times New Roman, serif\"><span style=\"font-size: medium\">\u00bfQu\u00e9 diferencias hay entre la manera de comprar del antiguo consumidor y el actual? \u00bfObserv\u00e1is costumbres nuevas?<\/span><\/span><\/p>\n<\/li>\n<\/ul>\n<p class=\"western\"><span style=\"font-family: Times New Roman, serif\"><span style=\"font-size: medium\"><b>R.- El antiguo consumidor, como hemos dicho antes, era un consumidor que compraba los productos de la semana, y que los pagaba, salvo casos excepcionales, al final de la semana, cuando se cobraban los jornales. <\/b><\/span><\/span><\/p>\n<p class=\"western\"><span style=\"font-family: Times New Roman, serif\"><span style=\"font-size: medium\"><b>Hoy el consumidor, hace la compra del d\u00eda a d\u00eda. <\/b><\/span><\/span><\/p>\n<p class=\"western\"><span style=\"font-family: Times New Roman, serif\"><span style=\"font-size: medium\"><b>Se ha implantado la compra de oferta, del d\u00eda a d\u00eda, re\u00f1ida algunas veces con la compra m\u00e1s cara, posiblemente, en las grandes superficies donde se supone que se va a ofrecer una mejor calidad a un mejor precio. Aunque no siempre es esto cierto. <\/b><\/span><\/span><\/p>\n<ul>\n<li>\n<p class=\"western\"><span style=\"font-family: Times New Roman, serif\"><span style=\"font-size: medium\">Qu\u00e9 buscaba el antiguo consumidor y qu\u00e9 busca el actual.<\/span><\/span><\/p>\n<\/li>\n<\/ul>\n<p class=\"western\"><span style=\"font-family: Times New Roman, serif\"><span style=\"font-size: medium\"><b>R.- En general lo mismo que hoy, porque se mira mucho por la econom\u00eda familiar, as\u00ed los precios de los productos van a estar en el orden del d\u00eda de la compra, comparando para ajustar sus presupuestos. <\/b><\/span><\/span><\/p>\n<ul>\n<li>\n<p class=\"western\"><span style=\"font-family: Times New Roman, serif\"><span style=\"font-size: medium\">Qu\u00e9 tanto por ciento de extranjeros o forasteros y de vecinos hay entre vuestros clientes.<\/span><\/span><\/p>\n<\/li>\n<\/ul>\n<p class=\"western\"><span style=\"font-family: Times New Roman, serif\"><span style=\"font-size: medium\"><b>R.- Yo creo que entre nuestros clientes, habr\u00e1 un 25 % de extranjeros o forasteros. Aunque para nosotros son clientes de nuestra tienda, y el trato con ellos es tan familiar como con nuestros conciudadanos de Vera. <\/b><\/span><\/span><\/p>\n<ul>\n<li>\n<p class=\"western\"><span style=\"font-family: Times New Roman, serif\"><span style=\"font-size: medium\">\u00bfC\u00f3mo hab\u00e9is tenido que adaptaros para hacer sobrevivir el comercio?<\/span><\/span><\/p>\n<\/li>\n<\/ul>\n<p class=\"western\"><span style=\"font-family: Times New Roman, serif\"><span style=\"font-size: medium\"><b>R.- Luchando d\u00eda a d\u00eda sin parar. Adapt\u00e1ndonos al d\u00eda a d\u00eda, y haciendo lo que siempre hemos hecho. Tratando a cada cliente con la misma amabilidad, cortes\u00eda y trato personal que siempre hemos tenido en este establecimiento, desde que mi abuelo Emilio y mi abuela Julia lo abrieron, pasando por mi padre Emilio y mi t\u00eda Mar\u00eda hasta m\u00ed, que pretendo seguir con la tradici\u00f3n familiar que me ense\u00f1aron. <\/b><\/span><\/span><\/p>\n<ul>\n<li>\n<p class=\"western\"><span style=\"font-family: Times New Roman, serif\"><span style=\"font-size: medium\">\u00bfC\u00f3mo veis el futuro del comercio en Vera y el vuestro en particular?<\/span><\/span><\/p>\n<\/li>\n<\/ul>\n<p class=\"western\"><span style=\"font-family: Times New Roman, serif\"><span style=\"font-size: medium\">En esta pregunta, Emilio nos contesta con un silencio, y la sonrisa peculiar que siempre hemos encontrado en la Familia Alonso Caparr\u00f3s, en la que nos da a entender que el trabajo, la dedicaci\u00f3n y mucho trato con sus clientes, va a perdurar con los avatares del futuro, y con los avatares econ\u00f3micos del futuro.<\/span><\/span><\/p>\n<p class=\"western\"><span style=\"font-family: Times New Roman, serif\"><span style=\"font-size: medium\">Solo quien conoce a esta familia, sabe que ellos seguir\u00e1n ah\u00ed. Porque el Comercio de Alimentaci\u00f3n de Emilio, naci\u00f3 con vocaci\u00f3n de continuidad en el tiempo, como el pueblo mismo. <\/span><\/span><\/p>\n<p><a href=\"https:\/\/blog.vera.es\/cultura\/wp-content\/uploads\/sites\/2\/2015\/08\/Copia-de-128-1.jpg\"><img loading=\"lazy\" decoding=\"async\" class=\"alignnone size-medium wp-image-4327\" src=\"https:\/\/blog.vera.es\/cultura\/wp-content\/uploads\/sites\/2\/2015\/08\/Copia-de-128-1-300x225.jpg\" alt=\"\" width=\"300\" height=\"225\" srcset=\"https:\/\/blog.vera.es\/cultura\/wp-content\/uploads\/sites\/2\/2015\/08\/Copia-de-128-1-300x225.jpg 300w, https:\/\/blog.vera.es\/cultura\/wp-content\/uploads\/sites\/2\/2015\/08\/Copia-de-128-1-768x576.jpg 768w, https:\/\/blog.vera.es\/cultura\/wp-content\/uploads\/sites\/2\/2015\/08\/Copia-de-128-1.jpg 850w\" sizes=\"(max-width: 300px) 100vw, 300px\" \/><\/a><\/p>\n<p><a href=\"https:\/\/blog.vera.es\/cultura\/wp-content\/uploads\/sites\/2\/2015\/08\/Copia-de-125-1.jpg\"><img loading=\"lazy\" decoding=\"async\" class=\"alignnone size-medium wp-image-4326\" src=\"https:\/\/blog.vera.es\/cultura\/wp-content\/uploads\/sites\/2\/2015\/08\/Copia-de-125-1-300x225.jpg\" alt=\"\" width=\"300\" height=\"225\" srcset=\"https:\/\/blog.vera.es\/cultura\/wp-content\/uploads\/sites\/2\/2015\/08\/Copia-de-125-1-300x225.jpg 300w, https:\/\/blog.vera.es\/cultura\/wp-content\/uploads\/sites\/2\/2015\/08\/Copia-de-125-1-768x576.jpg 768w, https:\/\/blog.vera.es\/cultura\/wp-content\/uploads\/sites\/2\/2015\/08\/Copia-de-125-1.jpg 850w\" sizes=\"(max-width: 300px) 100vw, 300px\" \/><\/a><\/p>\n<ul>\n<li>\n<p class=\"western\"><span style=\"font-family: Times New Roman, serif\"><span style=\"font-size: medium\">\u00bfRecuerdas an\u00e9cdotas que te hayan contado sobre el negocio y otras que t\u00fa mismo hayas vivido?<\/span><\/span><\/p>\n<\/li>\n<\/ul>\n<p class=\"western\"><span style=\"font-family: Times New Roman, serif\"><span style=\"font-size: medium\"><b>R.- Mis padres me han contado que la tienda hab\u00eda d\u00edas que la cerraban a las 2:00 de la madrugada. <\/b><\/span><\/span><\/p>\n<ul>\n<li>\n<p class=\"western\"><span style=\"font-family: Times New Roman, serif\"><span style=\"font-size: medium\">\u00bfTe gustar\u00eda plantear a alguna instituci\u00f3n municipal, provincial o auton\u00f3mica alguna propuesta o idea con el fin de que mejorara la vida comercial en Vera?<\/span><\/span><\/p>\n<\/li>\n<\/ul>\n<p class=\"western\"><span style=\"font-family: Times New Roman, serif\"><span style=\"font-size: medium\"><b>R.- Dar posibles para que los locales cerrados se alquilen, y se vuelvan a abrir. <\/b><\/span><\/span><\/p>\n<ul>\n<li>\n<p class=\"western\"><span style=\"font-family: Times New Roman, serif\"><span style=\"font-size: medium\">Un deseo para el decenio que viene.<\/span><\/span><\/p>\n<\/li>\n<\/ul>\n<p class=\"western\"><span style=\"font-family: Times New Roman, serif\"><span style=\"font-size: medium\"><b>R.- Que nos toque la loter\u00eda. <\/b><\/span><\/span><\/p>\n<p class=\"western\"><span style=\"font-family: Times New Roman, serif\"><span style=\"font-size: medium\"><b>Tambi\u00e9n elevar mis deseos de que mejore el futuro en Espa\u00f1a y sobre todo, que se mejoren las condiciones comerciales al peque\u00f1o comerciante, para que se sepa que existimos y que somos, los que m\u00e1s posibilidades damos al que m\u00e1s lo necesita. <\/b><\/span><\/span><\/p>\n<p class=\"western\" align=\"center\"><span style=\"font-family: Times New Roman, serif\"><span style=\"font-size: medium\"><u><b>L\u00cdRICA DE OTRA GENERACI\u00d3N:<\/b><\/u><\/span><\/span><\/p>\n<p class=\"western\"><span style=\"font-family: Times New Roman, serif\"><span style=\"font-size: medium\">Pasaban otros a\u00f1os. <\/span><\/span><\/p>\n<p class=\"western\"><span style=\"font-family: Times New Roman, serif\"><span style=\"font-size: medium\">La vida era distinta. <\/span><\/span><\/p>\n<p class=\"western\"><span style=\"font-family: Times New Roman, serif\"><span style=\"font-size: medium\">Los colores eran distintos. <\/span><\/span><\/p>\n<p class=\"western\"><span style=\"font-family: Times New Roman, serif\"><span style=\"font-size: medium\">Los olores eran distintos. <\/span><\/span><\/p>\n<p class=\"western\"><span style=\"font-family: Times New Roman, serif\"><span style=\"font-size: medium\">Las flores, otra cosa. <\/span><\/span><\/p>\n<p class=\"western\"><span style=\"font-family: Times New Roman, serif\"><span style=\"font-size: medium\">El Amor no digamos nada, casi imposible. <\/span><\/span><\/p>\n<p class=\"western\"><span style=\"font-family: Times New Roman, serif\"><span style=\"font-size: medium\">Las distancias de una vida y la otra, insalvables.<\/span><\/span><\/p>\n<p class=\"western\"><span style=\"font-family: Times New Roman, serif\"><span style=\"font-size: medium\">Pero el Amor todo lo puede.<\/span><\/span><\/p>\n<p class=\"western\"><span style=\"font-family: Times New Roman, serif\"><span style=\"font-size: medium\">Y siempre tendremos la sensibilidad de las aguadoras. <\/span><\/span><\/p>\n<p class=\"western\"><span style=\"font-family: Times New Roman, serif\"><span style=\"font-size: medium\">Las calles del pueblo, se nos hac\u00edan interminables. <\/span><\/span><\/p>\n<p class=\"western\"><span style=\"font-family: Times New Roman, serif\"><span style=\"font-size: medium\">\u00bfQui\u00e9n vendr\u00e1?.<\/span><\/span><\/p>\n<p class=\"western\"><span style=\"font-family: Times New Roman, serif\"><span style=\"font-size: medium\">\u00bfD\u00f3nde iremos?.<\/span><\/span><\/p>\n<p class=\"western\"><span style=\"font-family: Times New Roman, serif\"><span style=\"font-size: medium\">\u00bfNos podremos ver hoy?.<\/span><\/span><\/p>\n<p class=\"western\"><span style=\"font-family: Times New Roman, serif\"><span style=\"font-size: medium\">No tengo sue\u00f1o.<\/span><\/span><\/p>\n<p class=\"western\"><span style=\"font-family: Times New Roman, serif\"><span style=\"font-size: medium\">No tengo hambre.<\/span><\/span><\/p>\n<p class=\"western\"><span style=\"font-family: Times New Roman, serif\"><span style=\"font-size: medium\">Mi alegr\u00eda se me ha ido de mi alma. <\/span><\/span><\/p>\n<p class=\"western\"><span style=\"font-family: Times New Roman, serif\"><span style=\"font-size: medium\">Solo la espera en alerta. <\/span><\/span><\/p>\n<p class=\"western\"><span style=\"font-family: Times New Roman, serif\"><span style=\"font-size: medium\">\u00a1Ay mi aguadora, cuanto te quiero!.<\/span><\/span><\/p>\n<p class=\"western\"><span style=\"font-family: Times New Roman, serif\"><span style=\"font-size: medium\">Tr\u00e1eme el mensaje que mi coraz\u00f3n ans\u00eda. <\/span><\/span><\/p>\n<p class=\"western\"><span style=\"font-family: Times New Roman, serif\"><span style=\"font-size: medium\">\u00bfMe espera?.<\/span><\/span><\/p>\n<p class=\"western\"><span style=\"font-family: Times New Roman, serif\"><span style=\"font-size: medium\">\u00bfPodemos vernos?. <\/span><\/span><\/p>\n<p class=\"western\"><span style=\"font-family: Times New Roman, serif\"><span style=\"font-size: medium\">\u00bfCalle, plaza, puerta de Julio, Glorieta\u2026? <\/span><\/span><\/p>\n<p class=\"western\"><span style=\"font-family: Times New Roman, serif\"><span style=\"font-size: medium\">Que m\u00e1s me da. <\/span><\/span><\/p>\n<p class=\"western\"><span style=\"font-family: Times New Roman, serif\"><span style=\"font-size: medium\">Me espera. <\/span><\/span><\/p>\n<p class=\"western\"><span style=\"font-family: Times New Roman, serif\"><span style=\"font-size: medium\">Eran otros tiempos. <\/span><\/span><\/p>\n<p class=\"western\"><span style=\"font-family: Times New Roman, serif\"><span style=\"font-size: medium\">No lejanos. Pero ya tard\u00edos en mi mente.<\/span><\/span><\/p>\n<p class=\"western\"><span style=\"font-family: Times New Roman, serif\"><span style=\"font-size: medium\">Pongo en este poema letra de los que ya partieron.<\/span><\/span><\/p>\n<p class=\"western\"><span style=\"font-family: Times New Roman, serif\"><span style=\"font-size: medium\">Pongo letras al sentimiento partido, no nulo. <\/span><\/span><\/p>\n<p class=\"western\"><span style=\"font-family: Times New Roman, serif\"><span style=\"font-size: medium\">Pongo las letras de la canci\u00f3n que se siente al saber. <\/span><\/span><\/p>\n<p class=\"western\"><span style=\"font-family: Times New Roman, serif\"><span style=\"font-size: medium\">No os venci\u00f3 ni la desaz\u00f3n, ni la \u00e9poca, ni el triste mirar.<\/span><\/span><\/p>\n<p class=\"western\"><span style=\"font-family: Times New Roman, serif\"><span style=\"font-size: medium\">Baste vuestro recuerdo, ahora compartido.<\/span><\/span><\/p>\n<p class=\"western\"><span style=\"font-family: Times New Roman, serif\"><span style=\"font-size: medium\">Sea el poema mensaje de rosas.<\/span><\/span><\/p>\n<p class=\"western\"><span style=\"font-family: Times New Roman, serif\"><span style=\"font-size: medium\">Olorosas rosas, de suave fragancia.<\/span><\/span><\/p>\n<p class=\"western\"><span style=\"font-family: Times New Roman, serif\"><span style=\"font-size: medium\">Que no se os encoja vuestra alma, all\u00e1 donde est\u00e9is. <\/span><\/span><\/p>\n<p class=\"western\"><span style=\"font-family: Times New Roman, serif\"><span style=\"font-size: medium\">Que el recuerdo es nuestro. <\/span><\/span><\/p>\n<p class=\"western\"><span style=\"font-family: Times New Roman, serif\"><span style=\"font-size: medium\">Y ahora de todos. <\/span><\/span><\/p>\n<p class=\"western\" align=\"right\"><span style=\"font-family: Times New Roman, serif\"><span style=\"font-size: medium\"><u><b>Bartolom\u00e9 contreras <\/b><\/u><\/span><\/span><\/p>\n<p class=\"western\" align=\"center\"><span style=\"font-family: Bookman Old Style, serif\"><i><b>AGRADECIMIENTO AL ARCHIVO MUNICIPAL DE VERA<\/b><\/i><\/span><\/p>\n<p class=\"western\" align=\"center\"><span style=\"font-family: Bookman Old Style, serif\"><i><b>POR DEJARNOS INVESTIGAR EN SUS FONDOS.<\/b><\/i><\/span><\/p>\n","protected":false},"excerpt":{"rendered":"<p>Entrevista realizada a Emilio Alonso N\u00fa\u00f1ez sobre el comercio en Vera. Se anexa unas notas tomadas por Bartolom\u00e9 Contreras Segura sobre el comercio tras investigar en en Archivo Municipal de Vera.<\/p>\n","protected":false},"author":7,"featured_media":1186,"comment_status":"open","ping_status":"open","sticky":false,"template":"","format":"standard","meta":{"footnotes":""},"categories":[3,20],"tags":[74,79,75],"class_list":["post-1162","post","type-post","status-publish","format-standard","has-post-thumbnail","hentry","category-archivo","category-colaboraciones","tag-comercio","tag-emilio-alonso-ramirez","tag-entrevista"],"_links":{"self":[{"href":"https:\/\/blog.vera.es\/cultura\/wp-json\/wp\/v2\/posts\/1162","targetHints":{"allow":["GET"]}}],"collection":[{"href":"https:\/\/blog.vera.es\/cultura\/wp-json\/wp\/v2\/posts"}],"about":[{"href":"https:\/\/blog.vera.es\/cultura\/wp-json\/wp\/v2\/types\/post"}],"author":[{"embeddable":true,"href":"https:\/\/blog.vera.es\/cultura\/wp-json\/wp\/v2\/users\/7"}],"replies":[{"embeddable":true,"href":"https:\/\/blog.vera.es\/cultura\/wp-json\/wp\/v2\/comments?post=1162"}],"version-history":[{"count":14,"href":"https:\/\/blog.vera.es\/cultura\/wp-json\/wp\/v2\/posts\/1162\/revisions"}],"predecessor-version":[{"id":4333,"href":"https:\/\/blog.vera.es\/cultura\/wp-json\/wp\/v2\/posts\/1162\/revisions\/4333"}],"wp:featuredmedia":[{"embeddable":true,"href":"https:\/\/blog.vera.es\/cultura\/wp-json\/wp\/v2\/media\/1186"}],"wp:attachment":[{"href":"https:\/\/blog.vera.es\/cultura\/wp-json\/wp\/v2\/media?parent=1162"}],"wp:term":[{"taxonomy":"category","embeddable":true,"href":"https:\/\/blog.vera.es\/cultura\/wp-json\/wp\/v2\/categories?post=1162"},{"taxonomy":"post_tag","embeddable":true,"href":"https:\/\/blog.vera.es\/cultura\/wp-json\/wp\/v2\/tags?post=1162"}],"curies":[{"name":"wp","href":"https:\/\/api.w.org\/{rel}","templated":true}]}}