{"id":757,"date":"2026-08-31T11:07:37","date_gmt":"2026-08-31T09:07:37","guid":{"rendered":"https:\/\/blog.vera.es\/biblioteca\/?p=757"},"modified":"2026-08-31T11:19:54","modified_gmt":"2026-08-31T09:19:54","slug":"diario-de-greg","status":"publish","type":"post","link":"https:\/\/blog.vera.es\/biblioteca\/2026\/08\/31\/diario-de-greg\/","title":{"rendered":"DIARIO DE GREG"},"content":{"rendered":"\n<p class=\"has-medium-font-size wp-block-paragraph\"><strong>TOCADO Y HUNDIDO<\/strong>.<\/p>\n\n\n\n<p class=\"wp-block-paragraph\">Por <strong>Ema Stuknyte<\/strong><\/p>\n\n\n\n<p class=\"has-text-align-left wp-block-paragraph\">Es una familia un poquito rebelde que viv\u00edan en un sitio un poquito peque\u00f1o para ellos. Y ese sitio era la casa de su abuela. Hasta que deciden hacer un viaje en la caravana de su t\u00edo Gary, pero no todo sali\u00f3 tan bien porque todo se estaba convirtiendo en un verdadero caos, y encima tuvieron muy mala suerte en el viaje.<\/p>\n\n\n\n<figure class=\"wp-block-image size-large\"><img fetchpriority=\"high\" decoding=\"async\" width=\"661\" height=\"1024\" src=\"https:\/\/blog.vera.es\/biblioteca\/wp-content\/uploads\/sites\/28\/2026\/08\/EMA-1-661x1024.jpg\" alt=\"\" class=\"wp-image-759\" srcset=\"https:\/\/blog.vera.es\/biblioteca\/wp-content\/uploads\/sites\/28\/2026\/08\/EMA-1-661x1024.jpg 661w, https:\/\/blog.vera.es\/biblioteca\/wp-content\/uploads\/sites\/28\/2026\/08\/EMA-1-194x300.jpg 194w, https:\/\/blog.vera.es\/biblioteca\/wp-content\/uploads\/sites\/28\/2026\/08\/EMA-1-768x1189.jpg 768w, https:\/\/blog.vera.es\/biblioteca\/wp-content\/uploads\/sites\/28\/2026\/08\/EMA-1-992x1536.jpg 992w, https:\/\/blog.vera.es\/biblioteca\/wp-content\/uploads\/sites\/28\/2026\/08\/EMA-1-1323x2048.jpg 1323w, https:\/\/blog.vera.es\/biblioteca\/wp-content\/uploads\/sites\/28\/2026\/08\/EMA-1-1024x1586.jpg 1024w, https:\/\/blog.vera.es\/biblioteca\/wp-content\/uploads\/sites\/28\/2026\/08\/EMA-1-scaled.jpg 1653w\" sizes=\"(max-width: 661px) 100vw, 661px\" \/><\/figure>\n","protected":false},"excerpt":{"rendered":"<p>TOCADO Y HUNDIDO. Por Ema Stuknyte Es una familia un poquito rebelde que viv\u00edan en un sitio un poquito peque\u00f1o para ellos. Y ese sitio era la casa de su abuela. Hasta que deciden hacer un viaje en la caravana de su t\u00edo Gary, pero no todo sali\u00f3 tan bien porque todo se estaba convirtiendo [&hellip;]<\/p>\n","protected":false},"author":5,"featured_media":762,"comment_status":"open","ping_status":"open","sticky":false,"template":"","format":"standard","meta":{"footnotes":""},"categories":[13,10],"tags":[],"class_list":["post-757","post","type-post","status-publish","format-standard","has-post-thumbnail","hentry","category-espacio-creativo","category-infantil"],"_links":{"self":[{"href":"https:\/\/blog.vera.es\/biblioteca\/wp-json\/wp\/v2\/posts\/757","targetHints":{"allow":["GET"]}}],"collection":[{"href":"https:\/\/blog.vera.es\/biblioteca\/wp-json\/wp\/v2\/posts"}],"about":[{"href":"https:\/\/blog.vera.es\/biblioteca\/wp-json\/wp\/v2\/types\/post"}],"author":[{"embeddable":true,"href":"https:\/\/blog.vera.es\/biblioteca\/wp-json\/wp\/v2\/users\/5"}],"replies":[{"embeddable":true,"href":"https:\/\/blog.vera.es\/biblioteca\/wp-json\/wp\/v2\/comments?post=757"}],"version-history":[{"count":2,"href":"https:\/\/blog.vera.es\/biblioteca\/wp-json\/wp\/v2\/posts\/757\/revisions"}],"predecessor-version":[{"id":763,"href":"https:\/\/blog.vera.es\/biblioteca\/wp-json\/wp\/v2\/posts\/757\/revisions\/763"}],"wp:featuredmedia":[{"embeddable":true,"href":"https:\/\/blog.vera.es\/biblioteca\/wp-json\/wp\/v2\/media\/762"}],"wp:attachment":[{"href":"https:\/\/blog.vera.es\/biblioteca\/wp-json\/wp\/v2\/media?parent=757"}],"wp:term":[{"taxonomy":"category","embeddable":true,"href":"https:\/\/blog.vera.es\/biblioteca\/wp-json\/wp\/v2\/categories?post=757"},{"taxonomy":"post_tag","embeddable":true,"href":"https:\/\/blog.vera.es\/biblioteca\/wp-json\/wp\/v2\/tags?post=757"}],"curies":[{"name":"wp","href":"https:\/\/api.w.org\/{rel}","templated":true}]}}