{"id":750,"date":"2026-08-25T19:06:00","date_gmt":"2026-08-25T17:06:00","guid":{"rendered":"https:\/\/blog.vera.es\/biblioteca\/?p=750"},"modified":"2026-08-25T19:08:55","modified_gmt":"2026-08-25T17:08:55","slug":"alejandro-navarro-munoz-antologia-del-olvido","status":"publish","type":"post","link":"https:\/\/blog.vera.es\/biblioteca\/2026\/08\/25\/alejandro-navarro-munoz-antologia-del-olvido\/","title":{"rendered":"Alejandro Navarro Mu\u00f1oz. Antolog\u00eda del olvido"},"content":{"rendered":"\n<p class=\"wp-block-paragraph\">Poes\u00eda. Editorial Tal\u00f3n de Aquiles<\/p>\n\n\n\n<p class=\"wp-block-paragraph\"><em>\u00abAntolog\u00eda del olvido&nbsp;es un viaje \u00edntimo a trav\u00e9s de la memoria, la identidad, el tiempo y el amor. A trav\u00e9s de sus p\u00e1ginas, el lector recorrer\u00e1 el v\u00ednculo, la ausencia y el renacimiento de uno mismo frente al paso del tiempo.<\/em><\/p>\n\n\n\n<p class=\"wp-block-paragraph\"><em>No encontrar\u00e1s aqu\u00ed respuestas ni finales cerrados. Solamente pensar\u00e1s en lo que permanece cuando algo muere. Entender\u00e1s que el olvido y el recuerdo son diferentes grados de lo mismo. Habitar\u00e1s el espacio en el que convivimos con lo que fue y nunca m\u00e1s ser\u00e1.<\/em><\/p>\n\n\n\n<p class=\"wp-block-paragraph\"><em>Esta antolog\u00eda po\u00e9tica versa sobre lo que no se dice, sobre lo que no se dijo. Un reflejo honesto de c\u00f3mo recordamos sin que nos rompa, c\u00f3mo olvidamos aceptando que soltar es un acto de rebeld\u00eda y c\u00f3mo aprendemos a convivir con aquello que no desaparece del todo. Y, en \u00faltima instancia, qu\u00e9 lugar ocupamos nosotros.\u00bb<\/em><\/p>\n\n\n\n<p class=\"wp-block-paragraph\"><a href=\"https:\/\/editorial.talondeaquiles.es\">https:\/\/editorial.talondeaquiles.es<\/a><\/p>\n\n\n\n<p class=\"wp-block-paragraph\">23 de agosto de 2026 . 19:00 h. <\/p>\n\n\n\n<p class=\"wp-block-paragraph\">Una tarde de verano fue el escenario perfecto para celebrar el encuentro con el poeta Alejandro Navarro Mu\u00f1oz, autor del libro <em>Antolog\u00eda del olvido<\/em>. Acompa\u00f1ado al piano por Fran y por su antiguo profesor de filosof\u00eda, Antonio Ruiz, el autor nos habl\u00f3 de su obra, sus intenciones, sus referentes y, en definitiva, de su po\u00e9tica. Los comentarios de su profesor, visiblemente emocionado por momentos, nos transportaron a una aut\u00e9ntica clase magistral de filosof\u00eda; casi se pod\u00eda sentir el olor de aquella aula: a l\u00e1piz, a goma y a libro nuevo reci\u00e9n abierto sobre la mesa.<\/p>\n\n\n\n<p class=\"wp-block-paragraph\">Entre preguntas mundanas sobre el proceso creativo y cuestiones trascendentales sobre el olvido, el perd\u00f3n y la vida, los asistentes se mostraron entregados, atentos y c\u00e1lidos con el autor en una atm\u00f3sfera impregnada de sentimiento y m\u00fasica.<\/p>\n\n\n\n<p class=\"wp-block-paragraph\">Gracias, Alejandro, por contar con nosotros para compartir una parte de ti y de tu obra.<\/p>\n\n\n\n<figure class=\"wp-block-gallery has-nested-images columns-default is-cropped wp-block-gallery-1 is-layout-flex wp-block-gallery-is-layout-flex\">\n<figure class=\"wp-block-image size-large\"><img fetchpriority=\"high\" decoding=\"async\" width=\"1024\" height=\"1024\" data-id=\"755\" src=\"https:\/\/blog.vera.es\/biblioteca\/wp-content\/uploads\/sites\/28\/2026\/08\/Diseno-sin-titulo-4-1024x1024.jpg\" alt=\"\" class=\"wp-image-755\" srcset=\"https:\/\/blog.vera.es\/biblioteca\/wp-content\/uploads\/sites\/28\/2026\/08\/Diseno-sin-titulo-4-1024x1024-1.jpg 1024w, https:\/\/blog.vera.es\/biblioteca\/wp-content\/uploads\/sites\/28\/2026\/08\/Diseno-sin-titulo-4-150x150.jpg 150w, https:\/\/blog.vera.es\/biblioteca\/wp-content\/uploads\/sites\/28\/2026\/08\/Diseno-sin-titulo-4-300x300.jpg 300w, https:\/\/blog.vera.es\/biblioteca\/wp-content\/uploads\/sites\/28\/2026\/08\/Diseno-sin-titulo-4-768x768.jpg 768w, https:\/\/blog.vera.es\/biblioteca\/wp-content\/uploads\/sites\/28\/2026\/08\/Diseno-sin-titulo-4-1536x1536.jpg 1536w, https:\/\/blog.vera.es\/biblioteca\/wp-content\/uploads\/sites\/28\/2026\/08\/Diseno-sin-titulo-4.jpg 1772w\" sizes=\"(max-width: 1024px) 100vw, 1024px\" \/><\/figure>\n<\/figure>\n","protected":false},"excerpt":{"rendered":"<p>Poes\u00eda. Editorial Tal\u00f3n de Aquiles \u00abAntolog\u00eda del olvido&nbsp;es un viaje \u00edntimo a trav\u00e9s de la memoria, la identidad, el tiempo y el amor. A trav\u00e9s de sus p\u00e1ginas, el lector recorrer\u00e1 el v\u00ednculo, la ausencia y el renacimiento de uno mismo frente al paso del tiempo. No encontrar\u00e1s aqu\u00ed respuestas ni finales cerrados. Solamente pensar\u00e1s [&hellip;]<\/p>\n","protected":false},"author":66,"featured_media":752,"comment_status":"open","ping_status":"open","sticky":false,"template":"","format":"standard","meta":{"footnotes":""},"categories":[12,15],"tags":[],"class_list":["post-750","post","type-post","status-publish","format-standard","has-post-thumbnail","hentry","category-conecta-lectura","category-presentaciones"],"_links":{"self":[{"href":"https:\/\/blog.vera.es\/biblioteca\/wp-json\/wp\/v2\/posts\/750","targetHints":{"allow":["GET"]}}],"collection":[{"href":"https:\/\/blog.vera.es\/biblioteca\/wp-json\/wp\/v2\/posts"}],"about":[{"href":"https:\/\/blog.vera.es\/biblioteca\/wp-json\/wp\/v2\/types\/post"}],"author":[{"embeddable":true,"href":"https:\/\/blog.vera.es\/biblioteca\/wp-json\/wp\/v2\/users\/66"}],"replies":[{"embeddable":true,"href":"https:\/\/blog.vera.es\/biblioteca\/wp-json\/wp\/v2\/comments?post=750"}],"version-history":[{"count":2,"href":"https:\/\/blog.vera.es\/biblioteca\/wp-json\/wp\/v2\/posts\/750\/revisions"}],"predecessor-version":[{"id":756,"href":"https:\/\/blog.vera.es\/biblioteca\/wp-json\/wp\/v2\/posts\/750\/revisions\/756"}],"wp:featuredmedia":[{"embeddable":true,"href":"https:\/\/blog.vera.es\/biblioteca\/wp-json\/wp\/v2\/media\/752"}],"wp:attachment":[{"href":"https:\/\/blog.vera.es\/biblioteca\/wp-json\/wp\/v2\/media?parent=750"}],"wp:term":[{"taxonomy":"category","embeddable":true,"href":"https:\/\/blog.vera.es\/biblioteca\/wp-json\/wp\/v2\/categories?post=750"},{"taxonomy":"post_tag","embeddable":true,"href":"https:\/\/blog.vera.es\/biblioteca\/wp-json\/wp\/v2\/tags?post=750"}],"curies":[{"name":"wp","href":"https:\/\/api.w.org\/{rel}","templated":true}]}}