{"id":727,"date":"2026-07-18T12:44:13","date_gmt":"2026-07-18T10:44:13","guid":{"rendered":"https:\/\/blog.vera.es\/biblioteca\/?p=727"},"modified":"2026-07-18T12:45:16","modified_gmt":"2026-07-18T10:45:16","slug":"bibliosummer-para-los-mas-peques","status":"publish","type":"post","link":"https:\/\/blog.vera.es\/biblioteca\/2026\/07\/18\/bibliosummer-para-los-mas-peques\/","title":{"rendered":"BIBLIOSUMMER para los m\u00e1s peques"},"content":{"rendered":"\n<p class=\"wp-block-paragraph\">En la actividad de <strong>BiblioSummer<\/strong> seguimos compartiendo momentos muy especiales con las peques, explorando juntos el maravilloso mundo de los libros. A trav\u00e9s de cuentos, lecturas y actividades, disfrutan mientras desarrollan su imaginaci\u00f3n, creatividad y amor por la lectura. La Biblioteca de Vera se convierte as\u00ed en un espacio lleno de aprendizaje, diversi\u00f3n y descubrimientos, donde cada visita es una nueva aventura.<\/p>\n\n\n\n<p class=\"wp-block-paragraph\"><strong>\u00a1Este verano, cada libro es una nueva aventura! Ven a descubrirla con nosotros en BiblioSummer.<\/strong><\/p>\n\n\n\n<figure class=\"wp-block-image size-large is-resized\"><img fetchpriority=\"high\" decoding=\"async\" width=\"768\" height=\"1024\" src=\"https:\/\/blog.vera.es\/biblioteca\/wp-content\/uploads\/sites\/28\/2026\/07\/image-768x1024.png\" alt=\"\" class=\"wp-image-728\" style=\"width:576px;height:auto\" srcset=\"https:\/\/blog.vera.es\/biblioteca\/wp-content\/uploads\/sites\/28\/2026\/07\/image-768x1024.png 768w, https:\/\/blog.vera.es\/biblioteca\/wp-content\/uploads\/sites\/28\/2026\/07\/image-225x300.png 225w, https:\/\/blog.vera.es\/biblioteca\/wp-content\/uploads\/sites\/28\/2026\/07\/image-1152x1536.png 1152w, https:\/\/blog.vera.es\/biblioteca\/wp-content\/uploads\/sites\/28\/2026\/07\/image-1024x1365.png 1024w, https:\/\/blog.vera.es\/biblioteca\/wp-content\/uploads\/sites\/28\/2026\/07\/image.png 1536w\" sizes=\"(max-width: 768px) 100vw, 768px\" \/><\/figure>\n\n\n\n<figure class=\"wp-block-image size-large is-resized\"><img decoding=\"async\" width=\"768\" height=\"1024\" src=\"https:\/\/blog.vera.es\/biblioteca\/wp-content\/uploads\/sites\/28\/2026\/07\/image-1-768x1024.png\" alt=\"\" class=\"wp-image-729\" style=\"width:577px;height:auto\" srcset=\"https:\/\/blog.vera.es\/biblioteca\/wp-content\/uploads\/sites\/28\/2026\/07\/image-1-768x1024.png 768w, https:\/\/blog.vera.es\/biblioteca\/wp-content\/uploads\/sites\/28\/2026\/07\/image-1-225x300.png 225w, https:\/\/blog.vera.es\/biblioteca\/wp-content\/uploads\/sites\/28\/2026\/07\/image-1-1152x1536.png 1152w, https:\/\/blog.vera.es\/biblioteca\/wp-content\/uploads\/sites\/28\/2026\/07\/image-1-1024x1365.png 1024w, https:\/\/blog.vera.es\/biblioteca\/wp-content\/uploads\/sites\/28\/2026\/07\/image-1.png 1536w\" sizes=\"(max-width: 768px) 100vw, 768px\" \/><\/figure>\n","protected":false},"excerpt":{"rendered":"<p>En la actividad de BiblioSummer seguimos compartiendo momentos muy especiales con las peques, explorando juntos el maravilloso mundo de los libros. A trav\u00e9s de cuentos, lecturas y actividades, disfrutan mientras desarrollan su imaginaci\u00f3n, creatividad y amor por la lectura. La Biblioteca de Vera se convierte as\u00ed en un espacio lleno de aprendizaje, diversi\u00f3n y descubrimientos, [&hellip;]<\/p>\n","protected":false},"author":65,"featured_media":705,"comment_status":"open","ping_status":"open","sticky":false,"template":"","format":"standard","meta":{"footnotes":""},"categories":[25,12],"tags":[],"class_list":["post-727","post","type-post","status-publish","format-standard","has-post-thumbnail","hentry","category-bibliosummer","category-conecta-lectura"],"_links":{"self":[{"href":"https:\/\/blog.vera.es\/biblioteca\/wp-json\/wp\/v2\/posts\/727","targetHints":{"allow":["GET"]}}],"collection":[{"href":"https:\/\/blog.vera.es\/biblioteca\/wp-json\/wp\/v2\/posts"}],"about":[{"href":"https:\/\/blog.vera.es\/biblioteca\/wp-json\/wp\/v2\/types\/post"}],"author":[{"embeddable":true,"href":"https:\/\/blog.vera.es\/biblioteca\/wp-json\/wp\/v2\/users\/65"}],"replies":[{"embeddable":true,"href":"https:\/\/blog.vera.es\/biblioteca\/wp-json\/wp\/v2\/comments?post=727"}],"version-history":[{"count":2,"href":"https:\/\/blog.vera.es\/biblioteca\/wp-json\/wp\/v2\/posts\/727\/revisions"}],"predecessor-version":[{"id":731,"href":"https:\/\/blog.vera.es\/biblioteca\/wp-json\/wp\/v2\/posts\/727\/revisions\/731"}],"wp:featuredmedia":[{"embeddable":true,"href":"https:\/\/blog.vera.es\/biblioteca\/wp-json\/wp\/v2\/media\/705"}],"wp:attachment":[{"href":"https:\/\/blog.vera.es\/biblioteca\/wp-json\/wp\/v2\/media?parent=727"}],"wp:term":[{"taxonomy":"category","embeddable":true,"href":"https:\/\/blog.vera.es\/biblioteca\/wp-json\/wp\/v2\/categories?post=727"},{"taxonomy":"post_tag","embeddable":true,"href":"https:\/\/blog.vera.es\/biblioteca\/wp-json\/wp\/v2\/tags?post=727"}],"curies":[{"name":"wp","href":"https:\/\/api.w.org\/{rel}","templated":true}]}}